{"id":33036,"date":"2020-05-26T19:07:58","date_gmt":"2020-05-26T22:07:58","guid":{"rendered":"http:\/\/172.16.0.7\/site-antigo\/?p=33036"},"modified":"2024-10-08T09:21:13","modified_gmt":"2024-10-08T12:21:13","slug":"apucarana-repassa-mais-1-100-cestas-basicas-para-familias-de-alunos","status":"publish","type":"post","link":"http:\/\/www.apucarana.pr.gov.br\/site\/apucarana-repassa-mais-1-100-cestas-basicas-para-familias-de-alunos\/","title":{"rendered":"Apucarana repassa mais 1.100 cestas b\u00e1sicas para fam\u00edlias de alunos"},"content":{"rendered":"<p>Como vem sendo realizado desde o in\u00edcio da pandemia de Covid-19, a Prefeitura de Apucarana, por meio da Autarquia Municipal de Educa\u00e7\u00e3o (AME), distribuiu novamente hoje (25\/5) cestas b\u00e1sicas aos pais de alunos matriculados na rede. Os kits foram montados com alimentos provenientes da merenda escolar e contemplaram aproximadamente 1.100 fam\u00edlias.<br \/>\nA secret\u00e1ria de educa\u00e7\u00e3o, Marli Fernandes, explica que o objetivo \u00e9 garantir que nenhuma crian\u00e7a passe fome durante o per\u00edodo de suspens\u00e3o das aulas. \u201cN\u00f3s sabemos que muitos pais perderam toda ou parte da renda por causa da pandemia. O consumo de alimentos tamb\u00e9m aumentou com os filhos o dia inteiro em casa. Nesta semana, as cestas est\u00e3o sendo repassadas \u00a0aos cadastrados no Programa Bolsa Fam\u00edlia. Mas, a partir da pr\u00f3xima ter\u00e7a-feira (2\/6), n\u00f3s iniciaremos mais uma etapa da distribui\u00e7\u00e3o dos produtos hortifr\u00fati, da Agricultura Familiar, para todas as fam\u00edlias que responderam positivamente ao levantamento feito pelos CMEIs e Escolas,\u201d disse.<br \/>\nSegundo a diretora do Departamento de Alimenta\u00e7\u00e3o Escolar, nutricionista Jaqueline de Oliveira, as cestas entregues hoje s\u00e3o compostas de alimentos perec\u00edveis e n\u00e3o perec\u00edveis. \u201cS\u00e3o produtos que j\u00e1 estavam no nosso estoque e, em situa\u00e7\u00e3o normal, seriam utilizados no preparo da merenda escolar,\u201d afirmou.<br \/>\nA distribui\u00e7\u00e3o das cestas segue a um rigoroso cronograma, organizado pela AME, para evitar aglomera\u00e7\u00e3o de pessoas nos CMEIs e Escolas. \u201cTodas as unidades disp\u00f5em de \u00e1lcool em gel e o uso de m\u00e1scara \u00e9 obrigat\u00f3rio tanto para os servidores como para os pais dos alunos,\u201d lembrou a secret\u00e1ria Marli Fernandes.<br \/>\nO prefeito J\u00fanior da Femac destacou o esfor\u00e7o feito pela administra\u00e7\u00e3o municipal para conter a dissemina\u00e7\u00e3o do novo coronav\u00edrus em Apucarana. \u201cAlgumas das a\u00e7\u00f5es que n\u00f3s j\u00e1 realizamos e que eu acredito que est\u00e3o contribuindo para refrear a transmiss\u00e3o da doen\u00e7a s\u00e3o: distribui\u00e7\u00e3o de 50 mil frascos de sabonete l\u00edquido e de mais de 100 mil m\u00e1scaras de prote\u00e7\u00e3o para a popula\u00e7\u00e3o, fechamento do com\u00e9rcio no in\u00edcio da pandemia, desinfec\u00e7\u00e3o di\u00e1ria de ambientes como pra\u00e7as, terminal do transporte coletivo e o entorno do Hospital da Provid\u00eancia, e a compra de mil testes r\u00e1pidos para a Autarquia de Sa\u00fade. Em contrapartida, eu pe\u00e7o aos apucaranenses que cuidem bem de si mesmos e dos seus familiares, ficando em casa o m\u00e1ximo que puderem, usando as m\u00e1scaras nas ruas e higienizando constantemente as m\u00e3os. Juntos, n\u00f3s venceremos mais esse desafio,\u201d declarou.<\/p>\n","protected":false},"excerpt":{"rendered":"<p>A distribui\u00e7\u00e3o dos alimentos da merenda escolar vem acontecendo regularmente e, nesta ter\u00e7a-feira (25), contemplou os cadastrados no Programa Bolsa Fam\u00edlia  <\/p>\n","protected":false},"author":4,"featured_media":33041,"comment_status":"closed","ping_status":"open","sticky":false,"template":"","format":"standard","meta":{"footnotes":""},"categories":[24],"tags":[],"class_list":["post-33036","post","type-post","status-publish","format-standard","has-post-thumbnail","hentry","category-noticias"],"acf":[],"_links":{"self":[{"href":"http:\/\/www.apucarana.pr.gov.br\/site\/wp-json\/wp\/v2\/posts\/33036","targetHints":{"allow":["GET"]}}],"collection":[{"href":"http:\/\/www.apucarana.pr.gov.br\/site\/wp-json\/wp\/v2\/posts"}],"about":[{"href":"http:\/\/www.apucarana.pr.gov.br\/site\/wp-json\/wp\/v2\/types\/post"}],"author":[{"embeddable":true,"href":"http:\/\/www.apucarana.pr.gov.br\/site\/wp-json\/wp\/v2\/users\/4"}],"replies":[{"embeddable":true,"href":"http:\/\/www.apucarana.pr.gov.br\/site\/wp-json\/wp\/v2\/comments?post=33036"}],"version-history":[{"count":1,"href":"http:\/\/www.apucarana.pr.gov.br\/site\/wp-json\/wp\/v2\/posts\/33036\/revisions"}],"predecessor-version":[{"id":99552,"href":"http:\/\/www.apucarana.pr.gov.br\/site\/wp-json\/wp\/v2\/posts\/33036\/revisions\/99552"}],"wp:featuredmedia":[{"embeddable":true,"href":"http:\/\/www.apucarana.pr.gov.br\/site\/wp-json\/"}],"wp:attachment":[{"href":"http:\/\/www.apucarana.pr.gov.br\/site\/wp-json\/wp\/v2\/media?parent=33036"}],"wp:term":[{"taxonomy":"category","embeddable":true,"href":"http:\/\/www.apucarana.pr.gov.br\/site\/wp-json\/wp\/v2\/categories?post=33036"},{"taxonomy":"post_tag","embeddable":true,"href":"http:\/\/www.apucarana.pr.gov.br\/site\/wp-json\/wp\/v2\/tags?post=33036"}],"curies":[{"name":"wp","href":"https:\/\/api.w.org\/{rel}","templated":true}]}}