{"id":33026,"date":"2020-05-26T14:16:55","date_gmt":"2020-05-26T17:16:55","guid":{"rendered":"http:\/\/172.16.0.7\/site-antigo\/?p=33026"},"modified":"2024-10-08T09:21:13","modified_gmt":"2024-10-08T12:21:13","slug":"levantamento-vai-mapear-ecossistema-de-inovacao-de-apucarana-e-do-vale-do-ivai","status":"publish","type":"post","link":"http:\/\/www.apucarana.pr.gov.br\/site\/levantamento-vai-mapear-ecossistema-de-inovacao-de-apucarana-e-do-vale-do-ivai\/","title":{"rendered":"Levantamento vai mapear ecossistema de inova\u00e7\u00e3o de Apucarana e do Vale do Iva\u00ed"},"content":{"rendered":"<p>Mais um importante passo foi dado para a implanta\u00e7\u00e3o do Parque Tecnol\u00f3gico e de Inova\u00e7\u00e3o do Vale do Iva\u00ed (Vale da Inova\u00e7\u00e3o). Com o apoio da Prefeitura de Apucarana, o Sebrae vai realizar um mapeamento do ecossistema de inova\u00e7\u00e3o de Apucarana e de munic\u00edpios da regi\u00e3o. O estudo \u00e9 um dos requisitos necess\u00e1rios para fazer o cadastramento do \u201cVale da Inova\u00e7\u00e3o\u201d junto \u00e0 Secretaria de Estado da Tecnologia.<br \/>\nO assunto foi debatido nesta ter\u00e7a-feira (26\/05) em reuni\u00e3o realizada no gabinete do prefeito de Apucarana, Junior da Femac, e contou com a presen\u00e7a de representantes da Associa\u00e7\u00e3o Comercial, Industrial e de Servi\u00e7os de Apucarana (Acia), universidades, Sebrae e da governan\u00e7a do Projeto Conecta.<br \/>\nJunior da Femac afirma que o levantamento ser\u00e1 realizado nos pr\u00f3ximos 90 dias, reunindo informa\u00e7\u00f5es de estudos j\u00e1 existentes e de informa\u00e7\u00f5es que ser\u00e3o colhidas em trabalho de campo. \u201cO levantamento aproveitar\u00e1 o que j\u00e1 existe, como o banco de dados do Metr\u00f3pole Norte, do Programa Municipal de Atra\u00e7\u00e3o de Investimentos de Apucarana (PMAI)  e estudos sobre as potencialidades do Vale do Iva\u00ed\u201d, cita Junior da Femac.<br \/>\nO diagn\u00f3stico definir\u00e1 os setores priorit\u00e1rios, o grau de maturidade do ecossistema, as voca\u00e7\u00f5es econ\u00f4micas e os potenciais tecnol\u00f3gicos. \u201cVamos levantar quais s\u00e3o as voca\u00e7\u00f5es econ\u00f4micas, quanto cada uma delas representa somando-se os empregos e o valor de riqueza gerado. Depois, o estudo vai fazer o cruzamento das voca\u00e7\u00f5es com o potencial tecnol\u00f3gico\u201d, esclarece Junior da Femac.<br \/>\nO cruzamento das informa\u00e7\u00f5es, de acordo com o prefeito de Apucarana,  nortear\u00e1 os caminhos que ser\u00e3o seguidos para implantar o centro e, posteriormente, o parque tecnol\u00f3gico.  \u201cQueremos que produtos novos e processos inovadores sejam desenvolvidos na regi\u00e3o, gerando riquezas e retendo os talentos das nossas universidades. Uma das reconhecidas voca\u00e7\u00f5es do Vale do Iva\u00ed \u00e9 o agro, mas quase toda tecnologia, produtos e insumos v\u00eam de fora\u201d exemplifica Junior da Femac, citando ainda a constru\u00e7\u00e3o, o vestu\u00e1rio e a educa\u00e7\u00e3o como outras voca\u00e7\u00f5es regionais.<br \/>\nO vice-presidente da Acia, Wanderlei Faganello, afirma que o estudo focar\u00e1 tr\u00eas pilares: inova\u00e7\u00e3o tecnol\u00f3gica, a promo\u00e7\u00e3o comercial e a melhoria do ambiente de neg\u00f3cios. \u201cEsse diagn\u00f3stico \u00e9 um dos requisitos para que possamos fazer o pr\u00e9-credenciamento da iniciativa junto \u00e0 Secretaria de Estado da Tecnologia, atrav\u00e9s do Sistema de Parques Tecnol\u00f3gicos do Estado do Paran\u00e1 (Separtec)\u201d, reitera Faganello.<br \/>\nTiago Cunha, consultor do Sebrae, afirma que o estudo seguir\u00e1 os par\u00e2metros da Funda\u00e7\u00e3o Certi, reconhecida nacionalmente por pesquisas na \u00e1rea de inova\u00e7\u00e3o. \u201cVamos utilizar os dados j\u00e1 existentes de estudos anteriores e tamb\u00e9m fazer um trabalho de campo, que \u00e9 um procedimento mais demorado pois vamos visitar todos os ativos de inova\u00e7\u00e3o. Vamos verificar quais s\u00e3o as incubadoras existentes na regi\u00e3o e os centros de ensino e pesquisa, bem como as a\u00e7\u00f5es efetivas de inova\u00e7\u00e3o\u201d, cita o consultor do Sebrae, afirmando ainda que ap\u00f3s o diagn\u00f3stico ser\u00e1 feita uma an\u00e1lise detalhada dos ativos de inova\u00e7\u00e3o e elaborado um plano de a\u00e7\u00e3o. <\/p>\n","protected":false},"excerpt":{"rendered":"<p>O diagn\u00f3stico definir\u00e1 os setores priorit\u00e1rios, o grau de maturidade do ecossistema, as voca\u00e7\u00f5es econ\u00f4micas e os potenciais tecnol\u00f3gicos (Foto: PMA)<\/p>\n","protected":false},"author":4,"featured_media":33030,"comment_status":"closed","ping_status":"open","sticky":false,"template":"","format":"standard","meta":{"footnotes":""},"categories":[24],"tags":[],"class_list":["post-33026","post","type-post","status-publish","format-standard","has-post-thumbnail","hentry","category-noticias"],"acf":[],"_links":{"self":[{"href":"http:\/\/www.apucarana.pr.gov.br\/site\/wp-json\/wp\/v2\/posts\/33026","targetHints":{"allow":["GET"]}}],"collection":[{"href":"http:\/\/www.apucarana.pr.gov.br\/site\/wp-json\/wp\/v2\/posts"}],"about":[{"href":"http:\/\/www.apucarana.pr.gov.br\/site\/wp-json\/wp\/v2\/types\/post"}],"author":[{"embeddable":true,"href":"http:\/\/www.apucarana.pr.gov.br\/site\/wp-json\/wp\/v2\/users\/4"}],"replies":[{"embeddable":true,"href":"http:\/\/www.apucarana.pr.gov.br\/site\/wp-json\/wp\/v2\/comments?post=33026"}],"version-history":[{"count":1,"href":"http:\/\/www.apucarana.pr.gov.br\/site\/wp-json\/wp\/v2\/posts\/33026\/revisions"}],"predecessor-version":[{"id":99553,"href":"http:\/\/www.apucarana.pr.gov.br\/site\/wp-json\/wp\/v2\/posts\/33026\/revisions\/99553"}],"wp:featuredmedia":[{"embeddable":true,"href":"http:\/\/www.apucarana.pr.gov.br\/site\/wp-json\/"}],"wp:attachment":[{"href":"http:\/\/www.apucarana.pr.gov.br\/site\/wp-json\/wp\/v2\/media?parent=33026"}],"wp:term":[{"taxonomy":"category","embeddable":true,"href":"http:\/\/www.apucarana.pr.gov.br\/site\/wp-json\/wp\/v2\/categories?post=33026"},{"taxonomy":"post_tag","embeddable":true,"href":"http:\/\/www.apucarana.pr.gov.br\/site\/wp-json\/wp\/v2\/tags?post=33026"}],"curies":[{"name":"wp","href":"https:\/\/api.w.org\/{rel}","templated":true}]}}