{"id":33012,"date":"2020-05-26T14:02:30","date_gmt":"2020-05-26T17:02:30","guid":{"rendered":"http:\/\/172.16.0.7\/site-antigo\/?p=33012"},"modified":"2024-10-08T09:21:14","modified_gmt":"2024-10-08T12:21:14","slug":"prefeitura-moderniza-eixos-comerciais-no-centro-e-nos-bairros","status":"publish","type":"post","link":"http:\/\/www.apucarana.pr.gov.br\/site\/prefeitura-moderniza-eixos-comerciais-no-centro-e-nos-bairros\/","title":{"rendered":"Prefeitura moderniza eixos comerciais no centro e nos bairros"},"content":{"rendered":"<p>A Prefeitura de Apucarana est\u00e1 ampliando o processo de moderniza\u00e7\u00e3o de ruas comerciais no centro e nos bairros. Nesta semana, os servi\u00e7os avan\u00e7aram na Rua Oswaldo Cruz, que nas \u00faltimas d\u00e9cadas desenvolveu naturalmente a voca\u00e7\u00e3o comercial e se transformou em regi\u00e3o gastron\u00f4mica. Recentemente foram instalados dois novos sem\u00e1foros na via e agora est\u00e3o sendo implantados 94 postes republicanos para refor\u00e7ar a ilumina\u00e7\u00e3o.<br \/>\nO prefeito de Apucarana, Junior da Femac, vistoriou o servi\u00e7o nesta ter\u00e7a-feira e conversou com moradores e comerciantes. \u201cEstamos fazendo esse trabalho de moderniza\u00e7\u00e3o das ruas comerciais por toda a cidade. Aqui na Rua Oswaldo Cruz, essa iniciativa passa por v\u00e1rias a\u00e7\u00f5es, como a instala\u00e7\u00e3o de sem\u00e1foros no cruzamento com a Gast\u00e3o Vidigal e outro com a \u00cdtalo Ado Fontanini\u201d, cita.<br \/>\nNo tocante aos postes republicanos, Junior da Femac afirma que est\u00e3o sendo colocadas l\u00e2mpadas de 400 watts de vapor met\u00e1lico, privilegiando o pedestre. \u201cA rua continua com a ilumina\u00e7\u00e3o convencional e agora ganha o refor\u00e7o dos postes republicanos, que ajudar\u00e3o no deslocamento do pedestre, v\u00e3o gerar maior seguran\u00e7a aos comerciantes e que ainda possuem o apelo tur\u00edstico\u201d, assinala Junior da Femac.<br \/>\nO prefeito lembra que j\u00e1 existiam postes republicanos entre as ruas Munhoz da Rocha e Nagib Daher. \u201cAgora vamos levar essa ilumina\u00e7\u00e3o diferenciada at\u00e9 a Rua Paulo Frontin, numa extens\u00e3o de cerca de 1.500 metros.  Os postes est\u00e3o sendo colocados nos dois lados da via, a uma dist\u00e2ncia m\u00e9dia de cerca de 17 metros, de maneira que o impacto visual ser\u00e1 enorme\u201d, ressalta Junior da Femac.<br \/>\nINTERVEN\u00c7\u00d5ES NOS BAIRROS &#8211; O prefeito de Apucarana destaca ainda que o mesmo trabalho de moderniza\u00e7\u00e3o de ruas comerciais est\u00e1 sendo feito tamb\u00e9m nos bairros. \u201cTemos como exemplos a Avenida Pinho Arauc\u00e1ria que est\u00e1 sendo totalmente reconstru\u00edda, a Avenida Central do Paran\u00e1 que ganhou uma nova rotat\u00f3ria e o acesso \u00e0 Universidade Tecnol\u00f3gica Federal onde fizemos da moderniza\u00e7\u00e3o da rotat\u00f3ria\u201d, pontua.<br \/>\nA pr\u00f3xima regi\u00e3o onde a Prefeitura vai  promover interven\u00e7\u00f5es \u00e9 a Rua Padre Severino Cerutti. \u201c\u00c9 uma rua que come\u00e7a tamb\u00e9m a se desenvolver comercialmente e neste momento vamos implantar uma rotat\u00f3ria nas proximidades do Col\u00e9gio S\u00e3o Jos\u00e9\u201d, anuncia.<br \/>\nT\u00c9CNICA N\u00c3O DESTRUTIVA \u2013 O tipo de servi\u00e7o empregado para fazer o lan\u00e7amento subterr\u00e2neo da tubula\u00e7\u00e3o chamou a aten\u00e7\u00e3o de moradores e comerciantes da Rua Oswaldo Cruz. \u201cN\u00e3o precisou fazer valetas nem arrebentar a cal\u00e7ada. O servi\u00e7o foi feito com m\u00e1quina e isso foi bom pois, al\u00e9m de termos uma ilumina\u00e7\u00e3o melhor, tamb\u00e9m n\u00e3o precisou fazer sujeira\u201d, elogiou Maria Sidinei Dimiciana, moradora da Rua Oswaldo Cruz.<br \/>\nO engenheiro eletricista Lafayete Luz, diretor-presidente do Instituto de Desenvolvimento, Pesquisa e Planejamento de Apucarana (Idepplan), afirma que o projeto foi concebido para diminuir os transtornos. \u201cPelo m\u00e9todo convencional, ficaria muita terra na porta das lojas. Tendo em vista o com\u00e9rcio e o fluxo intenso de pessoas, optamos pelo M\u00e9todo N\u00e3o Destrutivo (MND).  S\u00e3o m\u00e1quinas que lan\u00e7am por debaixo do solo a tubula\u00e7\u00e3o, evitando a abertura de valetas. Trabalhamos por cerca de quinze dias na prepara\u00e7\u00e3o das bases e muitas pessoas sequer perceberam o que estava acontecendo\u201d, observa Lafayete.<\/p>\n","protected":false},"excerpt":{"rendered":"<p>Nesta semana, os servi\u00e7os avan\u00e7aram na Rua Oswaldo Cruz, que nas \u00faltimas d\u00e9cadas desenvolveu naturalmente a voca\u00e7\u00e3o comercial e se transformou em regi\u00e3o gastron\u00f4mica (Foto: PMA)<\/p>\n","protected":false},"author":4,"featured_media":33018,"comment_status":"closed","ping_status":"open","sticky":false,"template":"","format":"standard","meta":{"footnotes":""},"categories":[24],"tags":[],"class_list":["post-33012","post","type-post","status-publish","format-standard","has-post-thumbnail","hentry","category-noticias"],"acf":[],"_links":{"self":[{"href":"http:\/\/www.apucarana.pr.gov.br\/site\/wp-json\/wp\/v2\/posts\/33012","targetHints":{"allow":["GET"]}}],"collection":[{"href":"http:\/\/www.apucarana.pr.gov.br\/site\/wp-json\/wp\/v2\/posts"}],"about":[{"href":"http:\/\/www.apucarana.pr.gov.br\/site\/wp-json\/wp\/v2\/types\/post"}],"author":[{"embeddable":true,"href":"http:\/\/www.apucarana.pr.gov.br\/site\/wp-json\/wp\/v2\/users\/4"}],"replies":[{"embeddable":true,"href":"http:\/\/www.apucarana.pr.gov.br\/site\/wp-json\/wp\/v2\/comments?post=33012"}],"version-history":[{"count":1,"href":"http:\/\/www.apucarana.pr.gov.br\/site\/wp-json\/wp\/v2\/posts\/33012\/revisions"}],"predecessor-version":[{"id":99554,"href":"http:\/\/www.apucarana.pr.gov.br\/site\/wp-json\/wp\/v2\/posts\/33012\/revisions\/99554"}],"wp:featuredmedia":[{"embeddable":true,"href":"http:\/\/www.apucarana.pr.gov.br\/site\/wp-json\/"}],"wp:attachment":[{"href":"http:\/\/www.apucarana.pr.gov.br\/site\/wp-json\/wp\/v2\/media?parent=33012"}],"wp:term":[{"taxonomy":"category","embeddable":true,"href":"http:\/\/www.apucarana.pr.gov.br\/site\/wp-json\/wp\/v2\/categories?post=33012"},{"taxonomy":"post_tag","embeddable":true,"href":"http:\/\/www.apucarana.pr.gov.br\/site\/wp-json\/wp\/v2\/tags?post=33012"}],"curies":[{"name":"wp","href":"https:\/\/api.w.org\/{rel}","templated":true}]}}