{"id":32855,"date":"2020-05-20T18:29:24","date_gmt":"2020-05-20T21:29:24","guid":{"rendered":"http:\/\/172.16.0.7\/site-antigo\/?p=32855"},"modified":"2024-10-08T09:21:14","modified_gmt":"2024-10-08T12:21:14","slug":"consorcio-de-saude-vai-retomar-atendimento-em-junho","status":"publish","type":"post","link":"http:\/\/www.apucarana.pr.gov.br\/site\/consorcio-de-saude-vai-retomar-atendimento-em-junho\/","title":{"rendered":"Cons\u00f3rcio de Sa\u00fade vai retomar atendimento em junho"},"content":{"rendered":"<p>O prefeito de Maril\u00e2ndia do Sul e presidente do Cons\u00f3rcio Intermunicipal de Sa\u00fade do Vale do Iva\u00ed e Regi\u00e3o (Cisvir), Aquiles Takeda Filho, anunciou nesta quarta-feira (20\/05) que o centro p\u00fablico de especialidades m\u00e9dicas vai retomar atendimento presencial de pacientes a partir de 15 de junho. Em preven\u00e7\u00e3o ao novo coronav\u00edrus (Covid-19), as atividades eletivas de atendimento \u00e0 popula\u00e7\u00e3o est\u00e3o suspensas h\u00e1 quase dois meses.<br \/>\nA retomada dos trabalhos foi pauta de uma assembleia realizada na sede da 16\u00aa Regional de Sa\u00fade que contou com a presen\u00e7a de prefeitos e secret\u00e1rios municipais de Sa\u00fade dos munic\u00edpios consorciados e do chefe da Reginal, Dr. Altimar Carletto. \u201cFoi uma reuni\u00e3o \u00e1rdua, onde debatemos este e outros assuntos visando o rein\u00edcio dos atendimentos e onde definimos a reabertura da agenda para marca\u00e7\u00e3o de consultas e exames eletivos a partir deste dia 15 de junho, com a previs\u00e3o de que os pacientes comecem a chegar ao Cisvir a partir do dia 20\u201d, informou Takeda, frisando que o atendimento das ocorr\u00eancias de urg\u00eancia e emerg\u00eancia n\u00e3o sofreram paralisa\u00e7\u00e3o neste per\u00edodo.<br \/>\nAl\u00e9m da limita\u00e7\u00e3o do n\u00famero de pessoas dentro do centro de especialidades, a partir da reabertura das consultas e exames, pacientes e servidores v\u00e3o precisar seguir uma s\u00e9rie de regras definidas com base em orienta\u00e7\u00f5es das autoridades em Sa\u00fade. \u201cQueremos a volta do atendimento mas, acima de tudo, est\u00e1 a seguran\u00e7a de todas as pessoas envolvidas\u201d, diz o presidente do Cisvir.<br \/>\nPara evitar aglomera\u00e7\u00e3o, a capacidade de atendimento neste retorno ser\u00e1 de 30%. \u201cA redu\u00e7\u00e3o do fluxo de pessoas \u00e9 algo necess\u00e1rio, por isso pedimos aos munic\u00edpios que neste momento fa\u00e7am uma triagem no momento do agendamento e, com bom senso, agendar o que realmente for necess\u00e1rio de acordo com os dados cl\u00ednicos, deixando para um segundo momento o que pode esperar\u201d, solicitou o presidente do Cisvir.<br \/>\nO prefeito de Apucarana, J\u00fanior da Femac, refor\u00e7ou que a volta ao atendimento ser\u00e1 com muitas restri\u00e7\u00f5es e conta com a compreens\u00e3o da popula\u00e7\u00e3o. \u201cN\u00e3o queremos de forma alguma que o novo coronav\u00edrus tenha um impulso em nossa regi\u00e3o. Nossos prefeitos e secret\u00e1rios de Sa\u00fade t\u00eam feito um trabalho grandioso em defesa da vida, e tamb\u00e9m olhando a quest\u00e3o dos empregos, e n\u00e3o podemos dar brechas\u201d, assinalou o prefeito de Apucarana, lembrando da proximidade socioecon\u00f4mica do Vale do Iva\u00ed com o Estado de S\u00e3o Paulo, onde h\u00e1 um grande n\u00famero de infectados.<br \/>\nJ\u00fanior informou ainda que nos pr\u00f3ximos dias deve ser agendada solenidade para ordem de servi\u00e7o das obras de amplia\u00e7\u00e3o da sede do Cisvir. \u201cJ\u00e1 fizemos o projeto, a licita\u00e7\u00e3o, j\u00e1 temos a empresa vencedora e vou agora conversar com o secret\u00e1rio de Estado da Sa\u00fade, Dr. Beto Preto, para darmos a ordem de servi\u00e7o\u201d, comunicou o prefeito, salientando que a amplia\u00e7\u00e3o vai dobrar a capacidade de atendimento do centro de especialidades.<br \/>\nOs projetos arquitet\u00f4nico, estrutural, el\u00e9trico, hidr\u00e1ulico e de preven\u00e7\u00e3o de inc\u00eandio da amplia\u00e7\u00e3o foram elaborados pela Prefeitura de Apucarana, por interm\u00e9dio de engenheiros e arquitetos da Secretaria de Obras e do Instituto de Desenvolvimento, Pesquisa e Planejamento de Apucarana (Idepplan). Com recursos da ordem de R$ 3,5 milh\u00f5es liberados pelo Governo do Paran\u00e1, a amplia\u00e7\u00e3o ter\u00e1 \u00e1rea de 1.200 m\u00b2, e ir\u00e1 abrigar o n\u00facleo de odontologia, al\u00e9m de novos consult\u00f3rios e setor de exames por imagens. Criado em 1996, atualmente o Cisvir \u00e9 respons\u00e1vel por atender 385.787 habitantes de 17 munic\u00edpios oferecendo in\u00fameras especialidades m\u00e9dicas. <\/p>\n","protected":false},"excerpt":{"rendered":"<p>Para evitar aglomera\u00e7\u00e3o, a capacidade de atendimento neste retorno ser\u00e1 de 30% (Foto: PMA)<\/p>\n","protected":false},"author":4,"featured_media":32858,"comment_status":"closed","ping_status":"open","sticky":false,"template":"","format":"standard","meta":{"footnotes":""},"categories":[24],"tags":[],"class_list":["post-32855","post","type-post","status-publish","format-standard","has-post-thumbnail","hentry","category-noticias"],"acf":[],"_links":{"self":[{"href":"http:\/\/www.apucarana.pr.gov.br\/site\/wp-json\/wp\/v2\/posts\/32855","targetHints":{"allow":["GET"]}}],"collection":[{"href":"http:\/\/www.apucarana.pr.gov.br\/site\/wp-json\/wp\/v2\/posts"}],"about":[{"href":"http:\/\/www.apucarana.pr.gov.br\/site\/wp-json\/wp\/v2\/types\/post"}],"author":[{"embeddable":true,"href":"http:\/\/www.apucarana.pr.gov.br\/site\/wp-json\/wp\/v2\/users\/4"}],"replies":[{"embeddable":true,"href":"http:\/\/www.apucarana.pr.gov.br\/site\/wp-json\/wp\/v2\/comments?post=32855"}],"version-history":[{"count":1,"href":"http:\/\/www.apucarana.pr.gov.br\/site\/wp-json\/wp\/v2\/posts\/32855\/revisions"}],"predecessor-version":[{"id":99564,"href":"http:\/\/www.apucarana.pr.gov.br\/site\/wp-json\/wp\/v2\/posts\/32855\/revisions\/99564"}],"wp:featuredmedia":[{"embeddable":true,"href":"http:\/\/www.apucarana.pr.gov.br\/site\/wp-json\/"}],"wp:attachment":[{"href":"http:\/\/www.apucarana.pr.gov.br\/site\/wp-json\/wp\/v2\/media?parent=32855"}],"wp:term":[{"taxonomy":"category","embeddable":true,"href":"http:\/\/www.apucarana.pr.gov.br\/site\/wp-json\/wp\/v2\/categories?post=32855"},{"taxonomy":"post_tag","embeddable":true,"href":"http:\/\/www.apucarana.pr.gov.br\/site\/wp-json\/wp\/v2\/tags?post=32855"}],"curies":[{"name":"wp","href":"https:\/\/api.w.org\/{rel}","templated":true}]}}