{"id":32557,"date":"2020-05-12T11:31:30","date_gmt":"2020-05-12T14:31:30","guid":{"rendered":"http:\/\/172.16.0.7\/site-antigo\/?p=32557"},"modified":"2024-10-08T09:21:16","modified_gmt":"2024-10-08T12:21:16","slug":"apucarana-distribui-mudas-de-citros-a-produtores","status":"publish","type":"post","link":"http:\/\/www.apucarana.pr.gov.br\/site\/apucarana-distribui-mudas-de-citros-a-produtores\/","title":{"rendered":"Apucarana repassa mudas de citros a produtores rurais do &quot;Terra Forte&quot;"},"content":{"rendered":"<p>A Prefeitura de Apucarana est\u00e1 introduzindo os citros na fruticultura, atrav\u00e9s do Programa Terra Forte. \u00a0Al\u00e9m das dez variedades j\u00e1 implantadas, a Secretaria Municipal de Agricultura come\u00e7ou nesta ter\u00e7a-feira (12\/05) a distribui\u00e7\u00e3o de mudas de lim\u00e3o taiti e de tangerina montenegrina.<br \/>\nDe acordo com o prefeito de Apucarana, Junior da Femac, o Munic\u00edpio adquiriu mil mudas de cada uma das variedades, que ser\u00e3o repassadas a 25 produtores. \u201cNeste per\u00edodo de pandemia os agricultores possuem um papel fundamental, que \u00e9 garantir a produ\u00e7\u00e3o de alimentos. \u00c9 um trabalho que n\u00e3o pode parar e por isso refor\u00e7amos o apoio aos pequenos produtores\u201d, assinala Junior da Femac.<br \/>\nO prefeito lembra que desde 2014 j\u00e1 foram implantadas dez variedades de frutas: maracuj\u00e1, banana, goiaba, uva, morango, caqui, manga, abacate, atem\u00f3ia e figo. \u201cDe acordo com o programa, no momento do plantio os produtores recebem as mudas e insumos para fertiliza\u00e7\u00e3o do solo gratuitamente e s\u00f3 pagam quando as plantas entram na fase de produ\u00e7\u00e3o. Desde o in\u00edcio do programa j\u00e1 recebemos 166 toneladas de frutas como pagamento pelo incentivo e, somente neste per\u00edodo de pandemia, foram cinco toneladas que foram encaminhadas para entidades sociais\u201d, frisa Junior da Femac.<br \/>\nAs mudas repassadas dentro do Programa Terra Forte beneficiam agricultores familiares cadastrados que, posteriormente, v\u00e3o pagar o valor proporcionalmente em frutas que s\u00e3o destinadas \u00e0 merenda escolar e entidades sociais.<br \/>\nO secret\u00e1rio de Agricultura, Jos\u00e9 Luiz Porto, afirma que a expans\u00e3o da iniciativa est\u00e1 ocorrendo gradativamente, pois o cultivo de citros \u00e9 mais complexo e exige cuidados redobrados pois s\u00e3o variedades mais suscet\u00edveis a doen\u00e7as. \u201cPara iniciar com os citros, o Terra Forte firmou uma parceria com a Secretaria de Estado da Agricultura e do Abastecimento. T\u00e9cnicos da Adapar acompanharam todo o processo de compra, bem como a entrega das mudas\u201d, observa Porto.<br \/>\nPor recomenda\u00e7\u00e3o da Adapar, continua Porto, o Munic\u00edpio adquiriu mudas diferenciadas. \u201cAl\u00e9m de selecionadas e certificadas pelo Registro Nacional de Sementes e Mudas (Renasem), a Adapar recomendou que as mudas fossem enxertadas em cavalo trifoliata, que \u00e9 mais resistente a doen\u00e7as\u201d, reitera Porto, afirmando que a escolha pela tangerina montenegrina foi estrat\u00e9gica. \u201cA produ\u00e7\u00e3o ocorre tardiamente, ou seja, \u00e9 uma op\u00e7\u00e3o interessante de mercado pois, quando os demais citros n\u00e3o estiverem mais dispon\u00edveis, essa variedade poder\u00e1 ser ofertada aos consumidores\u201d, completa Porto.<br \/>\nO secret\u00e1rio de Agricultura informa ainda que, para evitar aglomera\u00e7\u00e3o, as mudas est\u00e3o sendo entregues diretamente nas propriedades. \u201cEsse trabalho est\u00e1 sendo conduzido pelo engenheiro agr\u00f4nomo Andr\u00e9 Maller e pelo t\u00e9cnico agr\u00edcola Luiz de Faveri. Neste momento, os produtores receber\u00e3o as mudas sem precisar entrar com nenhum valor financeiro e iniciar\u00e3o o pagamento somente daqui a quatro anos, quando as frut\u00edferas come\u00e7ar\u00e3o a produzir\u201d, refor\u00e7a Porto.<\/p>\n","protected":false},"excerpt":{"rendered":"<p>O Munic\u00edpio adquiriu 2 mil mudas de lim\u00e3o taiti e tangerina montenegrina, que ser\u00e3o repassadas a 25 produtores. (Foto: PMA)<\/p>\n","protected":false},"author":4,"featured_media":32560,"comment_status":"closed","ping_status":"open","sticky":false,"template":"","format":"standard","meta":{"footnotes":""},"categories":[24],"tags":[],"class_list":["post-32557","post","type-post","status-publish","format-standard","has-post-thumbnail","hentry","category-noticias"],"acf":[],"_links":{"self":[{"href":"http:\/\/www.apucarana.pr.gov.br\/site\/wp-json\/wp\/v2\/posts\/32557","targetHints":{"allow":["GET"]}}],"collection":[{"href":"http:\/\/www.apucarana.pr.gov.br\/site\/wp-json\/wp\/v2\/posts"}],"about":[{"href":"http:\/\/www.apucarana.pr.gov.br\/site\/wp-json\/wp\/v2\/types\/post"}],"author":[{"embeddable":true,"href":"http:\/\/www.apucarana.pr.gov.br\/site\/wp-json\/wp\/v2\/users\/4"}],"replies":[{"embeddable":true,"href":"http:\/\/www.apucarana.pr.gov.br\/site\/wp-json\/wp\/v2\/comments?post=32557"}],"version-history":[{"count":1,"href":"http:\/\/www.apucarana.pr.gov.br\/site\/wp-json\/wp\/v2\/posts\/32557\/revisions"}],"predecessor-version":[{"id":99581,"href":"http:\/\/www.apucarana.pr.gov.br\/site\/wp-json\/wp\/v2\/posts\/32557\/revisions\/99581"}],"wp:featuredmedia":[{"embeddable":true,"href":"http:\/\/www.apucarana.pr.gov.br\/site\/wp-json\/"}],"wp:attachment":[{"href":"http:\/\/www.apucarana.pr.gov.br\/site\/wp-json\/wp\/v2\/media?parent=32557"}],"wp:term":[{"taxonomy":"category","embeddable":true,"href":"http:\/\/www.apucarana.pr.gov.br\/site\/wp-json\/wp\/v2\/categories?post=32557"},{"taxonomy":"post_tag","embeddable":true,"href":"http:\/\/www.apucarana.pr.gov.br\/site\/wp-json\/wp\/v2\/tags?post=32557"}],"curies":[{"name":"wp","href":"https:\/\/api.w.org\/{rel}","templated":true}]}}