{"id":32545,"date":"2020-05-11T18:02:13","date_gmt":"2020-05-11T21:02:13","guid":{"rendered":"http:\/\/172.16.0.7\/site-antigo\/?p=32545"},"modified":"2024-10-08T09:21:16","modified_gmt":"2024-10-08T12:21:16","slug":"criancas-e-gestantes-comecam-ser-vacinadas-contra-gripe","status":"publish","type":"post","link":"http:\/\/www.apucarana.pr.gov.br\/site\/criancas-e-gestantes-comecam-ser-vacinadas-contra-gripe\/","title":{"rendered":"Crian\u00e7as e gestantes come\u00e7am ser vacinadas contra gripe"},"content":{"rendered":"<p>Crian\u00e7as de 6 meses a menores de 6 anos, gestantes e m\u00e3es no p\u00f3s-parto at\u00e9 45 dias e pessoas com defici\u00eancia come\u00e7aram a ser imunizados hoje (11) dentro da terceira etapa da Campanha Nacional de Vacina\u00e7\u00e3o Contra a Gripe. Em Apucarana, as doses da vacina est\u00e3o sendo disponibilizadas em 24 Unidades B\u00e1sicas de Sa\u00fade (ver quadro abaixo) de segunda a sexta-feira, no hor\u00e1rio de 8 horas \u00e0s 16h30.<br \/>\nO prefeito Junior da Femac orienta ao p\u00fablico-alvo buscar a imuniza\u00e7\u00e3o e ficar protegida contra a gripe influenza. \u201cNossa estrutura foi preparada para atender todos os grupos priorit\u00e1rios dessa vacina\u00e7\u00e3o. Nossa meta \u00e9 atingir a cobertura vacinal dentro dos \u00edndices do Minist\u00e9rio da Sa\u00fade em cada um deles\u201d, afirma o Junior da Femac.<br \/>\n<strong>A<\/strong> terceira etapa da Campanha Nacional de Vacina\u00e7\u00e3o Contra a Gripe est\u00e1 dividida em duas fases. \u00a0Na primeira, dentro do per\u00edodo de 11 a 17 de maio, ser\u00e3o vacinadas pessoas com defici\u00eancia, crian\u00e7as de 6 meses a menores de 6 anos, gestantes e m\u00e3es no p\u00f3s-parto at\u00e9 45 dias.<br \/>\nA segunda fase vai acontecer entre 18 de maio e 5 de junho e tem como p\u00fablico alvo os professores das escolas p\u00fablicas e privadas e os adultos de 55 a 59 anos de idade. No total, a terceira etapa da campanha de vacina\u00e7\u00e3o prev\u00ea a imuniza\u00e7\u00e3o de cerca de 18 mil pessoas em Apucarana.<br \/>\nApucarana j\u00e1 vacinou 30 mil pessoas contra a gripe. A cobertura do p\u00fablico-alvo da primeira etapa da Campanha Nacional de Vacina\u00e7\u00e3o foi grande, em especial entre os idosos que atingiu 108,7% da meta de imunizar 15.227 pessoas com 60 anos ou mais. O n\u00famero de vacinados nesta faixa et\u00e1ria atingiu 16.528.<br \/>\nEntre os trabalhadores da sa\u00fade, que ao lado dos idosos fazem parte do p\u00fablico-alvo da primeira etapa, foram vacinados 1.605 profissionais, uma cobertura de 80,9%.<br \/>\nO p\u00fablico alvo da 2\u00aa etapa, iniciada dia 16 de abril, \u00e9 formado por doentes cr\u00f4nicos, profissionais das for\u00e7as de seguran\u00e7a e salvamento, caminhoneiros, profissionais de transporte coletivo (motoristas e cobradores) e portu\u00e1rios, povos ind\u00edgenas, adolescentes e jovens de 12 a 21 anos sob medidas socioeducativas, popula\u00e7\u00e3o privada de liberdade, e funcion\u00e1rios do sistema prisional.<br \/>\nO diretor presidente da Autarquia Municipal de Sa\u00fade, Roberto Kaneta, lembra que a vacina\u00e7\u00e3o segue aberta para os p\u00fablicos da primeira e segunda etapa at\u00e9 o fim da campanha.<br \/>\n<strong>Rela\u00e7\u00e3o das Unidades B\u00e1sicas de Sa\u00fade que est\u00e3o realizando vacina\u00e7\u00e3o contra a gripe:\u00a0<\/strong><br \/>\nUBS MYIOJI KOGURE (JARDIM ACLIMA\u00c7\u00c3O)<br \/>\nRua: Arthur Thomas s\/n\u00ba Fone: 3901-1055<br \/>\nUBS \u2013 DR ANTONIO SACHELLI (AVENIDA AVIA\u00c7\u00c3O, 3012 \u2013 JARDIM COLONIAL)<br \/>\nUBS EM\u00cdLIA CRETUCHI (PARQUE BELA VISTA)<br \/>\nRua: Jo\u00e3o Matiuzzi n\u00ba279 Fone: 3901-1068<br \/>\nUBS PADRE DOMINIQUE (CAIXA S\u00c3O PEDRO)<br \/>\nRua: Nelson Miquel\u00e3o s\/n\u00ba Fone: 3440-5007<br \/>\nUBS MARIO VERUSSA (DISTRITO DE CORREIA DE FREITAS)<br \/>\nAvenida Get\u00falio Vargas s\/n\u00ba Fone: 3901-1067<br \/>\nUBS EROS PACHECO (N\u00daCLEO AFONSO CAMARGO)<br \/>\nRua: Guapuruvu s\/n\u00ba Fone: 3901-1070<br \/>\nUBS ELAYNE MAZUR (JARDIM INTERLAGOS)<br \/>\nRua: Andr\u00e9 Korilo n\u00ba1190 Fone: 3422-5708<br \/>\nUBS EUNICE PENHARBEL (RESIDENCIAL SUMATRA)<br \/>\nRua: Ilson Ferreira Guerra s\/n Fone; 3424-2189<br \/>\nUBS BOLIVAR PAV\u00c3O (JARDIM AM\u00c9RICA)<br \/>\nAvenida Central do Paran\u00e1 s\/n Fone: 3901-1063<br \/>\nUBS \u2013 ANA MARIA PEPATO (JARDIM TRABALHISTA). Rua Jos\u00e9 Manoel de Oliveira \u2013 Jardim Trabalhista<br \/>\nUBS \u2013 JOAQUIM TRIZOTTI (N\u00daCLEO ADRIANO CORREA)<br \/>\nRua: Serra do Mar s\/n\u00ba Fone: 3901-1056<br \/>\nUBS \u2013 LEOPOLDO HARTWIG JR. (VILA NOVA)<br \/>\nRua: Marc\u00edlio Dias s\/n\u00ba Fone: 3901-1031<br \/>\nUBS MARIA DO CAF\u00c9 (JARDIM PONTA GROSSA)<br \/>\nRua: Emiliano Perneta s\/n\u00ba Fone: 3901-1030<br \/>\nUBS MERCEDES SILVA MORENO (VILA REGINA)<br \/>\nRua: Em\u00edlio Cretushi s\/n\u00ba Fone: 3901-1032<br \/>\nUBS ORESTE G. MARQUITO (JARDIM MARISSOL)<br \/>\nRua: Jair Fidelis Marques s\/n\u00ba Fone: 3901-1073<br \/>\nUBS OSVALDO DAMIN (JABOTI)<br \/>\nRua: Rol\u00e2ndia s\/n\u00ba lado da Escola \u00c9bano Pereira Fone: 3901-1035<br \/>\nUBS MOACIR S. MASCARO (N\u00daCELO PARIGOT DE SOUZA)<br \/>\nRua: Conselheiro Zacarias s\/n\u00ba Fone: 3901-1059<br \/>\nUBS PEDRO BARRETO (DISTRITO VILA REIS)<br \/>\nRua: Jos\u00e9 Garcia Perez s\/n\u00ba Fone: 3901-1064<br \/>\nUBS RODRIGO TRAMONTIN YOSHII (VILA APUCARANINHA)<br \/>\nRua \u2013 S\u00e3o Carlos S\/N3901-1052<br \/>\nUBS RAUL CASTILHO (NUCLEO JO\u00c3O PAULO)<br \/>\nRua: Rio Congonhinhas s\/n\u00ba Fone: 3901-1046<br \/>\nUBS ROMEU MILANI<br \/>\nRua OSVALDO CRUZ (CENTRO)<br \/>\nUBS TAKAITI MIYADI (N\u00daCLEO DOM ROMEU)<br \/>\nRua: S\u00e3o Leopoldo s\/n\u00ba Fone: 3901-1057<br \/>\nUBS VALDECIR DE PAULA (JARDIM DAS FLORES)<br \/>\nRua: Nossa Senhora da Concei\u00e7\u00e3o s\/n\u00ba Fone: 3901-1069<br \/>\nUBS WALTER LAZARINI (DISTRITO DE PIRAP\u00d3)<br \/>\nRua: Augusto Ferreira Chagas s\/n\u00ba Fone: 3901-1049<\/p>\n","protected":false},"excerpt":{"rendered":"<p>M\u00e3es no p\u00f3s-parto at\u00e9 45 dias e pessoas com defici\u00eancia tamb\u00e9m fazem parte do p\u00fablico-alvo da 3\u00aa etapa da Campanha Nacional de Vacina\u00e7\u00e3o Contra a Gripe iniciada hoje<\/p>\n","protected":false},"author":4,"featured_media":32546,"comment_status":"closed","ping_status":"open","sticky":false,"template":"","format":"standard","meta":{"footnotes":""},"categories":[34],"tags":[],"class_list":["post-32545","post","type-post","status-publish","format-standard","has-post-thumbnail","hentry","category-coronavirus"],"acf":[],"_links":{"self":[{"href":"http:\/\/www.apucarana.pr.gov.br\/site\/wp-json\/wp\/v2\/posts\/32545","targetHints":{"allow":["GET"]}}],"collection":[{"href":"http:\/\/www.apucarana.pr.gov.br\/site\/wp-json\/wp\/v2\/posts"}],"about":[{"href":"http:\/\/www.apucarana.pr.gov.br\/site\/wp-json\/wp\/v2\/types\/post"}],"author":[{"embeddable":true,"href":"http:\/\/www.apucarana.pr.gov.br\/site\/wp-json\/wp\/v2\/users\/4"}],"replies":[{"embeddable":true,"href":"http:\/\/www.apucarana.pr.gov.br\/site\/wp-json\/wp\/v2\/comments?post=32545"}],"version-history":[{"count":1,"href":"http:\/\/www.apucarana.pr.gov.br\/site\/wp-json\/wp\/v2\/posts\/32545\/revisions"}],"predecessor-version":[{"id":59520,"href":"http:\/\/www.apucarana.pr.gov.br\/site\/wp-json\/wp\/v2\/posts\/32545\/revisions\/59520"}],"wp:featuredmedia":[{"embeddable":true,"href":"http:\/\/www.apucarana.pr.gov.br\/site\/wp-json\/"}],"wp:attachment":[{"href":"http:\/\/www.apucarana.pr.gov.br\/site\/wp-json\/wp\/v2\/media?parent=32545"}],"wp:term":[{"taxonomy":"category","embeddable":true,"href":"http:\/\/www.apucarana.pr.gov.br\/site\/wp-json\/wp\/v2\/categories?post=32545"},{"taxonomy":"post_tag","embeddable":true,"href":"http:\/\/www.apucarana.pr.gov.br\/site\/wp-json\/wp\/v2\/tags?post=32545"}],"curies":[{"name":"wp","href":"https:\/\/api.w.org\/{rel}","templated":true}]}}