{"id":32540,"date":"2020-05-11T17:56:08","date_gmt":"2020-05-11T20:56:08","guid":{"rendered":"http:\/\/172.16.0.7\/site-antigo\/?p=32540"},"modified":"2024-10-08T09:21:16","modified_gmt":"2024-10-08T12:21:16","slug":"prefeito-alerta-uso-de-mascaras-por-todos-e-condicao-para-que-o-comercio-fique-aberto","status":"publish","type":"post","link":"http:\/\/www.apucarana.pr.gov.br\/site\/prefeito-alerta-uso-de-mascaras-por-todos-e-condicao-para-que-o-comercio-fique-aberto\/","title":{"rendered":"Prefeito alerta: \u201cUso de m\u00e1scaras por todos \u00e9 condi\u00e7\u00e3o para que o com\u00e9rcio fique aberto\u201d"},"content":{"rendered":"<p>\u201cSe houver neglig\u00eancia no uso de m\u00e1scaras poderemos ter que intervir e novamente fechar setores do com\u00e9rcio e de servi\u00e7os em Apucarana\u201d. O alerta est\u00e1 sendo feito pelo prefeito Junior da Femac, que demonstra preocupa\u00e7\u00e3o com informa\u00e7\u00f5es que est\u00e3o chegando, dando conta do relaxamento no uso de m\u00e1scaras em alguns bairros da cidade.<br \/>\nSegundo ele, \u00e9 preciso que os comerciantes do centro e dos bairros fiquem atentos, n\u00e3o permitindo que pessoas entrem nos estabelecimentos sem m\u00e1scaras. \u201cTamb\u00e9m pe\u00e7o aten\u00e7\u00e3o redobrada aos donos de bares\u201d, frisa.<br \/>\nO prefeito Junior da Femac pondera que, at\u00e9 aqui foi poss\u00edvel manter em Apucarana n\u00fameros satisfat\u00f3rios no enfrentamento da pandemia do coronav\u00edrus, com 34 casos confirmados, 15 pessoas curadas e apenas e 2 \u00f3bitos.<br \/>\nPara isso foram adotadas diversas medidas, tais como a cria\u00e7\u00e3o do Pronto Atendimento do Coronav\u00edrus, orienta\u00e7\u00e3o e distribui\u00e7\u00e3o de m\u00e1scaras e sabonete l\u00edquido para a popula\u00e7\u00e3o, suspens\u00e3o de atividades nas escolas e CMEIs, e o fechamento tempor\u00e1rio do com\u00e9rcio n\u00e3o essencial, que h\u00e1 algumas semanas foi reaberto com crit\u00e9rios especiais.<br \/>\n\u201cEstamos agindo de forma equilibrada e respons\u00e1vel, orientando e buscando proteger a sa\u00fade das pessoas e, ao mesmo tempo, tamb\u00e9m priorizando a manuten\u00e7\u00e3o dos empregos. Mas, infelizmente, se constatarmos o descumprimento de importantes normas preventivas e, principalmente, em rela\u00e7\u00e3o ao uso das m\u00e1scaras, ser\u00e1 necess\u00e1rio intervir e paralisar o funcionamento de alguns setores, diante do risco de aglomera\u00e7\u00e3o de pessoas expostas \u00e0 contamina\u00e7\u00e3o pela covid-19\u201d, avalia o prefeito Junior da Femac.<\/p>\n","protected":false},"excerpt":{"rendered":"<p>Situa\u00e7\u00e3o irregular em alguns bairros de Apucarana vem sendo relatada a J\u00fanior da Femac pela equipe de fiscaliza\u00e7\u00e3o (Foto: PMA)<\/p>\n","protected":false},"author":4,"featured_media":32542,"comment_status":"closed","ping_status":"open","sticky":false,"template":"","format":"standard","meta":{"footnotes":""},"categories":[34],"tags":[],"class_list":["post-32540","post","type-post","status-publish","format-standard","has-post-thumbnail","hentry","category-coronavirus"],"acf":[],"_links":{"self":[{"href":"http:\/\/www.apucarana.pr.gov.br\/site\/wp-json\/wp\/v2\/posts\/32540","targetHints":{"allow":["GET"]}}],"collection":[{"href":"http:\/\/www.apucarana.pr.gov.br\/site\/wp-json\/wp\/v2\/posts"}],"about":[{"href":"http:\/\/www.apucarana.pr.gov.br\/site\/wp-json\/wp\/v2\/types\/post"}],"author":[{"embeddable":true,"href":"http:\/\/www.apucarana.pr.gov.br\/site\/wp-json\/wp\/v2\/users\/4"}],"replies":[{"embeddable":true,"href":"http:\/\/www.apucarana.pr.gov.br\/site\/wp-json\/wp\/v2\/comments?post=32540"}],"version-history":[{"count":1,"href":"http:\/\/www.apucarana.pr.gov.br\/site\/wp-json\/wp\/v2\/posts\/32540\/revisions"}],"predecessor-version":[{"id":59521,"href":"http:\/\/www.apucarana.pr.gov.br\/site\/wp-json\/wp\/v2\/posts\/32540\/revisions\/59521"}],"wp:featuredmedia":[{"embeddable":true,"href":"http:\/\/www.apucarana.pr.gov.br\/site\/wp-json\/"}],"wp:attachment":[{"href":"http:\/\/www.apucarana.pr.gov.br\/site\/wp-json\/wp\/v2\/media?parent=32540"}],"wp:term":[{"taxonomy":"category","embeddable":true,"href":"http:\/\/www.apucarana.pr.gov.br\/site\/wp-json\/wp\/v2\/categories?post=32540"},{"taxonomy":"post_tag","embeddable":true,"href":"http:\/\/www.apucarana.pr.gov.br\/site\/wp-json\/wp\/v2\/tags?post=32540"}],"curies":[{"name":"wp","href":"https:\/\/api.w.org\/{rel}","templated":true}]}}