{"id":32533,"date":"2020-05-11T17:47:32","date_gmt":"2020-05-11T20:47:32","guid":{"rendered":"http:\/\/172.16.0.7\/site-antigo\/?p=32533"},"modified":"2024-10-08T09:21:16","modified_gmt":"2024-10-08T12:21:16","slug":"cartao-comida-boa-comeca-a-ser-distribuido-na-quinta-em-apucarana","status":"publish","type":"post","link":"http:\/\/www.apucarana.pr.gov.br\/site\/cartao-comida-boa-comeca-a-ser-distribuido-na-quinta-em-apucarana\/","title":{"rendered":"Cart\u00e3o \u201cComida Boa\u201d come\u00e7a a ser distribu\u00eddo na quinta em Apucarana"},"content":{"rendered":"<p>Os 9.868 cart\u00f5es do programa Comida Boa destinados a Apucarana pelo Governo do Paran\u00e1 come\u00e7aram a ser organizados nesta segunda-feira por uma for\u00e7a-tarefa de servidores encabe\u00e7ada pela Secretaria da Assist\u00eancia Social de Apucarana. A distribui\u00e7\u00e3o aos beneficiados tem in\u00edcio programado para esta quinta-feira atrav\u00e9s de 56 escolas e centros municipais infantis, al\u00e9m de outros pontos estrat\u00e9gicos instalados na \u00e1rea central, em um total de 80 locais. A listagem com nome do benefici\u00e1rio e local para retirada do cart\u00e3o ser\u00e1 disponibilizada at\u00e9 a tarde de quarta-feira (13\/05), no site da Prefeitura de Apucarana (www.apucarana.pr.gov.br).<br \/>\nUm aux\u00edlio emergencial do governo estadual destinado a fam\u00edlias do Cadastro \u00danico (Cad\u00danico) que est\u00e3o enfrentando dificuldades financeiras por conta da pandemia do novo coronav\u00edrus (Covid-19), o Cart\u00e3o Comida Boa prev\u00ea o repasse de at\u00e9 tr\u00eas parcelas mensais de R$50 para compra exclusiva de alimentos em supermercados, mercadinhos, padarias, a\u00e7ougues, entre outros estabelecimentos do g\u00eanero cadastrados na Secretaria de Estado da Agricultura e Abastecimento (Seab). \u201cUm programa muito bem elaborado pelo Governador Ratinho J\u00fanior que beneficia quem est\u00e1 precisando e ainda ajuda a economia local. Ser\u00e3o cerca de R$1,5 milh\u00e3o sendo injetados em nosso com\u00e9rcio atrav\u00e9s desta iniciativa estadual\u201d, pontua o prefeito J\u00fanior da Femac. At\u00e9 esta segunda-feira, 29 estabelecimentos comerciais da cidade j\u00e1 haviam se cadastrados para poder receber compras pelo cart\u00e3o assistencial.<br \/>\nDentro do planejamento do \u201cComida Boa\u201d, cabe \u00e0s prefeituras a log\u00edstica de distribui\u00e7\u00e3o dos cart\u00f5es. \u201cEm Apucarana estamos organizando a entrega com muito cuidado, da mesma forma que j\u00e1 fizemos em outras a\u00e7\u00f5es, como a distribui\u00e7\u00e3o das m\u00e1scaras, do sabonete l\u00edquido, da vacina\u00e7\u00e3o, para que n\u00e3o haja aglomera\u00e7\u00e3o\u201d, comunica o prefeito.<br \/>\nDo total de cart\u00f5es, 8.233 j\u00e1 t\u00eam os beneficiados pr\u00e9-definidos. \u201cA listagem chegou na \u00faltima sexta-feira e at\u00e9 esta quarta-feira esperamos separ\u00e1-los seguindo um mapeamento que vai permitir que a pessoa o retire na escola ou CMEI mais pr\u00f3ximo de onde mora\u201d, explica Jossuela Pinheiro, superintendente da Chefia de Gabinete e uma das coordenadoras da a\u00e7\u00e3o. De acordo com ela, na \u00e1rea central tamb\u00e9m ser\u00e3o disponibilizados pontos estrat\u00e9gicos para que os benefici\u00e1rios possam fazer a retirada. \u201cLembrando que a pessoa dever\u00e1 consultar a lista que ser\u00e1 disponibilizada no site da prefeitura at\u00e9 esta quarta-feira, indicando onde dever\u00e1 comparecer. Ser\u00e3o cerca de 80 pontos de distribui\u00e7\u00e3o, tudo planejado da melhor forma, como determinou o prefeito J\u00fanior da Femac, para que n\u00e3o haja aglomera\u00e7\u00e3o de pessoas\u201d, afirmou a superintendente.<br \/>\nO excedente de 1.645 cart\u00f5es ser\u00e1 repassado, tamb\u00e9m a partir de quinta-feira, \u00e0s igrejas cat\u00f3licas e evang\u00e9licas. \u201cOs padres e pastores ir\u00e3o colaborar com esta a\u00e7\u00e3o, fazendo com que cheguem at\u00e9 as pessoas que precisam, em especial aquelas que n\u00e3o conseguiram o aux\u00edlio emergencial do governo federal e n\u00e3o est\u00e3o inclu\u00eddas em nenhum programa social\u201d, disse Jossuela Pinheiro.<br \/>\nO programa do Cart\u00e3o Comida Boa ser\u00e1 operacionalizado por meio de um voucher com QR Code, para evitar falsifica\u00e7\u00f5es. Na vis\u00e3o da secret\u00e1ria Municipal da Assist\u00eancia Social, Ana Paula Nazarko, o programa estadual contribui para amenizar as necessidades de muitas fam\u00edlias, em especial as em situa\u00e7\u00e3o de extrema-pobreza. \u201cUm recurso que, ao ter como destina\u00e7\u00e3o exclusiva a compra de alimentos, supre uma necessidade muito importante neste momento de crise\u201d, destaca a secret\u00e1ria, frisando que a prefeitura segue atendendo fam\u00edlias necessitadas com cestas b\u00e1sicas atrav\u00e9s de agendamento. \u201cMesmo que a pessoa n\u00e3o tenha o Cadastro \u00danico e nunca precisou dos servi\u00e7os da assist\u00eancia, neste momento em que a pandemia atinge a todos indistintamente, pode estar precisando. Nossas equipes est\u00e3o de prontid\u00e3o para atender. Basta agendar pelo telefone, levar a documenta\u00e7\u00e3o necess\u00e1ria para cadastro e relatar as necessidades que vamos procurar ajudar\u201d, concluiu a secret\u00e1ria.<\/p>\n","protected":false},"excerpt":{"rendered":"<p>A distribui\u00e7\u00e3o ser\u00e1 atrav\u00e9s das escolas e centros municipais infantis, al\u00e9m de outros pontos estrat\u00e9gicos instalados na \u00e1rea central, em um total de 80 locais (Foto: PMA)<\/p>\n","protected":false},"author":4,"featured_media":32534,"comment_status":"closed","ping_status":"open","sticky":false,"template":"","format":"standard","meta":{"footnotes":""},"categories":[34],"tags":[],"class_list":["post-32533","post","type-post","status-publish","format-standard","has-post-thumbnail","hentry","category-coronavirus"],"acf":[],"_links":{"self":[{"href":"http:\/\/www.apucarana.pr.gov.br\/site\/wp-json\/wp\/v2\/posts\/32533","targetHints":{"allow":["GET"]}}],"collection":[{"href":"http:\/\/www.apucarana.pr.gov.br\/site\/wp-json\/wp\/v2\/posts"}],"about":[{"href":"http:\/\/www.apucarana.pr.gov.br\/site\/wp-json\/wp\/v2\/types\/post"}],"author":[{"embeddable":true,"href":"http:\/\/www.apucarana.pr.gov.br\/site\/wp-json\/wp\/v2\/users\/4"}],"replies":[{"embeddable":true,"href":"http:\/\/www.apucarana.pr.gov.br\/site\/wp-json\/wp\/v2\/comments?post=32533"}],"version-history":[{"count":1,"href":"http:\/\/www.apucarana.pr.gov.br\/site\/wp-json\/wp\/v2\/posts\/32533\/revisions"}],"predecessor-version":[{"id":59522,"href":"http:\/\/www.apucarana.pr.gov.br\/site\/wp-json\/wp\/v2\/posts\/32533\/revisions\/59522"}],"wp:featuredmedia":[{"embeddable":true,"href":"http:\/\/www.apucarana.pr.gov.br\/site\/wp-json\/"}],"wp:attachment":[{"href":"http:\/\/www.apucarana.pr.gov.br\/site\/wp-json\/wp\/v2\/media?parent=32533"}],"wp:term":[{"taxonomy":"category","embeddable":true,"href":"http:\/\/www.apucarana.pr.gov.br\/site\/wp-json\/wp\/v2\/categories?post=32533"},{"taxonomy":"post_tag","embeddable":true,"href":"http:\/\/www.apucarana.pr.gov.br\/site\/wp-json\/wp\/v2\/tags?post=32533"}],"curies":[{"name":"wp","href":"https:\/\/api.w.org\/{rel}","templated":true}]}}