{"id":32475,"date":"2020-05-08T18:17:13","date_gmt":"2020-05-08T21:17:13","guid":{"rendered":"http:\/\/172.16.0.7\/site-antigo\/?p=32475"},"modified":"2024-10-08T09:21:16","modified_gmt":"2024-10-08T12:21:16","slug":"construcao-civil-deve-reforcar-vigilancia-contra-a-covid-19","status":"publish","type":"post","link":"http:\/\/www.apucarana.pr.gov.br\/site\/construcao-civil-deve-reforcar-vigilancia-contra-a-covid-19\/","title":{"rendered":"Constru\u00e7\u00e3o civil deve refor\u00e7ar vigil\u00e2ncia contra a Covid-19"},"content":{"rendered":"<p>Desde o in\u00edcio da pandemia do novo coronav\u00edrus (Covid-19), os profissionais que atuam na constru\u00e7\u00e3o civil precisaram adicionar um novo equipamento de seguran\u00e7a \u00e0 rotina. Al\u00e9m dos equipamentos de prote\u00e7\u00e3o individual (EPI\u2019s) imprescind\u00edveis \u00e0 atividade visando a preven\u00e7\u00e3o de acidentes, o uso da m\u00e1scara \u00e9 item obrigat\u00f3rio em Apucarana. Previsto em decreto municipal, a exig\u00eancia visa evitar tanto o cont\u00e1gio quanto uma poss\u00edvel transmiss\u00e3o da nova doen\u00e7a.<br \/>\nOs canteiros de obras privadas ou p\u00fablicas, tamb\u00e9m precisam seguir outras medidas, como limitar a 25 trabalhadores por turno, oferecendo \u00e1lcool em gel e ambiente com \u00e1gua corrente e sab\u00e3o para higieniza\u00e7\u00e3o das m\u00e3os, por exemplo. A aten\u00e7\u00e3o \u00e0s medidas preventivas foi assunto de uma reuni\u00e3o por v\u00eddeo-confer\u00eancia realizada nesta sexta-feira (08\/05) pelo prefeito J\u00fanior da Femac com o gerente regional do CREA-PR em Apucarana, Jeferson Ubiali, e com o presidente da Associa\u00e7\u00e3o dos Engenheiros e Arquitetos de Apucarana (AEAA), Minoru Narita.<br \/>\n\u201cO combate ao coronav\u00edrus n\u00e3o pode ter tr\u00e9gua e \u00e9 uma miss\u00e3o de todos. Os profissionais de engenharia e arquitetura t\u00eam responsabilidade t\u00e9cnica pelo canteiro de obras e, atrav\u00e9s deste di\u00e1logo com as entidades representativas, reforcei a nossa preocupa\u00e7\u00e3o e a import\u00e2ncia da vigil\u00e2ncia quanto ao cumprimento das normas preventivas por todos os trabalhadores da constru\u00e7\u00e3o civil em nossa cidade\u201d, disse o prefeito J\u00fanior da Femac, pontuando que tem recebido informa\u00e7\u00f5es de que trabalhadores do setor t\u00eam negligenciado medidas preventivas, em especial o uso da m\u00e1scara de prote\u00e7\u00e3o.<br \/>\nO n\u00e3o cumprimento das medidas estabelecidas nos decretos municipais de enfrentamento \u00e0 pandemia do novo coronav\u00edrus (Covid-19), caracteriza infra\u00e7\u00e3o e sujeitar\u00e1 o infrator \u00e0 penalidades. \u201cTemos feito um amplo trabalho de orienta\u00e7\u00e3o que tem tido uma resposta muito positiva por parte de toda sociedade. Estamos vencendo esta luta, mas n\u00e3o podemos dar brecha alguma, e para isso contamos com o setor de constru\u00e7\u00e3o civil, respeitando as normas de prote\u00e7\u00e3o\u201d, concluiu o prefeito J\u00fanior da Femac.<\/p>\n","protected":false},"excerpt":{"rendered":"<p>Solicita\u00e7\u00e3o foi feita nesta sexta-feira (08\/05) pelo prefeito J\u00fanior da Femac a representantes de entidades ligadas ao setor de Apucarana (Foto: PMA)<\/p>\n","protected":false},"author":4,"featured_media":32478,"comment_status":"closed","ping_status":"open","sticky":false,"template":"","format":"standard","meta":{"footnotes":""},"categories":[34],"tags":[],"class_list":["post-32475","post","type-post","status-publish","format-standard","has-post-thumbnail","hentry","category-coronavirus"],"acf":[],"_links":{"self":[{"href":"http:\/\/www.apucarana.pr.gov.br\/site\/wp-json\/wp\/v2\/posts\/32475","targetHints":{"allow":["GET"]}}],"collection":[{"href":"http:\/\/www.apucarana.pr.gov.br\/site\/wp-json\/wp\/v2\/posts"}],"about":[{"href":"http:\/\/www.apucarana.pr.gov.br\/site\/wp-json\/wp\/v2\/types\/post"}],"author":[{"embeddable":true,"href":"http:\/\/www.apucarana.pr.gov.br\/site\/wp-json\/wp\/v2\/users\/4"}],"replies":[{"embeddable":true,"href":"http:\/\/www.apucarana.pr.gov.br\/site\/wp-json\/wp\/v2\/comments?post=32475"}],"version-history":[{"count":1,"href":"http:\/\/www.apucarana.pr.gov.br\/site\/wp-json\/wp\/v2\/posts\/32475\/revisions"}],"predecessor-version":[{"id":59523,"href":"http:\/\/www.apucarana.pr.gov.br\/site\/wp-json\/wp\/v2\/posts\/32475\/revisions\/59523"}],"wp:featuredmedia":[{"embeddable":true,"href":"http:\/\/www.apucarana.pr.gov.br\/site\/wp-json\/"}],"wp:attachment":[{"href":"http:\/\/www.apucarana.pr.gov.br\/site\/wp-json\/wp\/v2\/media?parent=32475"}],"wp:term":[{"taxonomy":"category","embeddable":true,"href":"http:\/\/www.apucarana.pr.gov.br\/site\/wp-json\/wp\/v2\/categories?post=32475"},{"taxonomy":"post_tag","embeddable":true,"href":"http:\/\/www.apucarana.pr.gov.br\/site\/wp-json\/wp\/v2\/tags?post=32475"}],"curies":[{"name":"wp","href":"https:\/\/api.w.org\/{rel}","templated":true}]}}