{"id":32108,"date":"2020-04-29T16:49:04","date_gmt":"2020-04-29T19:49:04","guid":{"rendered":"http:\/\/172.16.0.7\/site-antigo\/?p=32108"},"modified":"2024-10-08T09:21:18","modified_gmt":"2024-10-08T12:21:18","slug":"apucarana-vacina-cerca-de-25-mil-contra-a-gripe","status":"publish","type":"post","link":"http:\/\/www.apucarana.pr.gov.br\/site\/apucarana-vacina-cerca-de-25-mil-contra-a-gripe\/","title":{"rendered":"Apucarana vacina cerca de 25 mil contra a gripe"},"content":{"rendered":"<p>Apucarana j\u00e1 vacinou 24.796 pessoas contra a gripe. A cobertura do p\u00fablico-alvo da primeira etapa da Campanha Nacional de Vacina\u00e7\u00e3o foi grande, em especial entre os idosos que atingiu 107% da meta de imunizar 15.227 pessoas com 60 anos ou mais. O n\u00famero de vacinados nesta faixa et\u00e1ria atingiu 16.341.<br \/>\nJ\u00e1 entre os trabalhadores da sa\u00fade, que ao lado dos idosos fazem parte do p\u00fablico-alvo da primeira etapa, foram vacinados 1.587 profissionais, uma cobertura de 80%. A vacina\u00e7\u00e3o segue aberta para esses dois p\u00fablicos at\u00e9 o fim da campanha, no dia 22 maio.<br \/>\nNo \u00faltimo dia 16 a oferta, quando teve in\u00edcio a segunda etapa da campanha nacional contra a gripe, as doses da vacina foram estendidas a doentes cr\u00f4nicos, profissionais das for\u00e7as de seguran\u00e7a e salvamento, caminhoneiros, profissionais de transporte coletivo (motoristas e cobradores) e portu\u00e1rios, povos ind\u00edgenas, adolescentes e jovens de 12 a 21 anos sob medidas socioeducativas, popula\u00e7\u00e3o privada de liberdade, e funcion\u00e1rios do sistema prisional.<br \/>\nA meta em Apucarana \u00e9 vacinar 11.200 doentes cr\u00f4nicos, dos quais 2.380 procuraram at\u00e9 o momento as Unidades B\u00e1sicas de Sa\u00fade para se proteger contra a gripe. Outras 4.488 doses foram aplicadas, distribu\u00eddas entre demais p\u00fablicos beneficiados nesta segunda etapa, especial entre profissionais de transporte coletivo (motoristas e cobradores) e profissionais das for\u00e7as de seguran\u00e7a e salvamento.<br \/>\nPara esses dois \u00faltimos grupos a Autarquia Municipal de Sa\u00fade realizou a estrat\u00e9gia de aplicar a vacina nos locais de trabalho desses profissionais, como o 10\u00ba Batalh\u00e3o da Pol\u00edcia Militar, 30\u00ba Batalh\u00e3o de Infantaria Motorizado, Grupamento dos Bombeiros, sede da Guarda Municipal e na empresa VAL.<br \/>\nTamb\u00e9m foi ofertado sistema drive-thru nas tr\u00eas entradas da cidade, e uma na regi\u00e3o central para os caminhoneiros. A iniciativa foi um sucesso, com a imuniza\u00e7\u00e3o de 1.573 motoristas de caminh\u00e3o em um \u00fanico dia.<br \/>\nO prefeito Junior da Femac informa que a Autarquia de Sa\u00fade segue oferecendo a vacina em 24 Unidades B\u00e1sicas de Sa\u00fade (veja quadro abaixo), de segunda a sexta-feira, de 8 horas \u00e0s 16 horas. Aos portadores de doen\u00e7as cr\u00f4nicas devem apresentar comprovante m\u00e9dico da sua morbidade.<br \/>\nA terceira fase da campanha ocorrer\u00e1 a partir de 9 de maio, para professores, crian\u00e7as de 6 meses a menores de 6 anos, gr\u00e1vidas, m\u00e3es no p\u00f3s-parto, pessoas acima de 55 anos e pessoas com defici\u00eancia. A campanha segue at\u00e9 22 de maio para todos do p\u00fablico-alvo. A meta \u00e9 vacinar, pelo menos, 90% de cada um desses grupos.<br \/>\n<strong>Rela\u00e7\u00e3o das Unidades B\u00e1sicas de Sa\u00fade que est\u00e3o realizando vacina\u00e7\u00e3o contra a gripe:<\/strong><br \/>\nUBS MYIOJI KOGURE (JARDIM ACLIMA\u00c7\u00c3O)<br \/>\nRua: Arthur Thomas s\/n\u00ba Fone: 3901-1055<br \/>\nUBS \u2013 DR ANTONIO SACHELLI (AVENIDA AVIA\u00c7\u00c3O, 3012 \u2013 JARDIM COLONIAL)<br \/>\nUBS EM\u00cdLIA CRETUCHI (PARQUE BELA VISTA)<br \/>\nRua: Jo\u00e3o Matiuzzi n\u00ba279 Fone: 3901-1068<br \/>\nUBS PADRE DOMINIQUE (CAIXA S\u00c3O PEDRO)<br \/>\nRua: Nelson Miquel\u00e3o s\/n\u00ba Fone: 3440-5007<br \/>\nUBS MARIO VERUSSA (DISTRITO DE CORREIA DE FREITAS)<br \/>\nAvenida Get\u00falio Vargas s\/n\u00ba Fone: 3901-1067<br \/>\nUBS EROS PACHECO (N\u00daCLEO AFONSO CAMARGO)<br \/>\nRua: Guapuruvu s\/n\u00ba Fone: 3901-1070<br \/>\nUBS ELAYNE MAZUR (JARDIM INTERLAGOS)<br \/>\nRua: Andr\u00e9 Korilo n\u00ba1190 Fone: 3422-5708<br \/>\nUBS EUNICE PENHARBEL (RESIDENCIAL SUMATRA)<br \/>\nRua: Ilson Ferreira Guerra s\/n Fone; 3424-2189<br \/>\nUBS BOLIVAR PAV\u00c3O (JARDIM AM\u00c9RICA)<br \/>\nAvenida Central do Paran\u00e1 s\/n Fone: 3901-1063<br \/>\nUBS \u2013 ANA MARIA PEPATO (JARDIM TRABALHISTA). Rua Jos\u00e9 Manoel de Oliveira \u2013 Jardim Trabalhista<br \/>\nUBS \u2013 JOAQUIM TRIZOTTI (N\u00daCLEO ADRIANO CORREA)<br \/>\nRua: Serra do Mar s\/n\u00ba Fone: 3901-1056<br \/>\nUBS \u2013 LEOPOLDO HARTWIG JR. (VILA NOVA)<br \/>\nRua: Marc\u00edlio Dias s\/n\u00ba Fone: 3901-1031<br \/>\nUBS MARIA DO CAF\u00c9 (JARDIM PONTA GROSSA)<br \/>\nRua: Emiliano Perneta s\/n\u00ba Fone: 3901-1030<\/p>\n","protected":false},"excerpt":{"rendered":"<p>Vacina\u00e7\u00e3o segue em 24 UBSs e a ades\u00e3o dos idosos a imuniza\u00e7\u00e3o ultrapassou a meta e chegou a 107%<\/p>\n","protected":false},"author":4,"featured_media":32110,"comment_status":"closed","ping_status":"open","sticky":false,"template":"","format":"standard","meta":{"footnotes":""},"categories":[34],"tags":[],"class_list":["post-32108","post","type-post","status-publish","format-standard","has-post-thumbnail","hentry","category-coronavirus"],"acf":[],"_links":{"self":[{"href":"http:\/\/www.apucarana.pr.gov.br\/site\/wp-json\/wp\/v2\/posts\/32108","targetHints":{"allow":["GET"]}}],"collection":[{"href":"http:\/\/www.apucarana.pr.gov.br\/site\/wp-json\/wp\/v2\/posts"}],"about":[{"href":"http:\/\/www.apucarana.pr.gov.br\/site\/wp-json\/wp\/v2\/types\/post"}],"author":[{"embeddable":true,"href":"http:\/\/www.apucarana.pr.gov.br\/site\/wp-json\/wp\/v2\/users\/4"}],"replies":[{"embeddable":true,"href":"http:\/\/www.apucarana.pr.gov.br\/site\/wp-json\/wp\/v2\/comments?post=32108"}],"version-history":[{"count":1,"href":"http:\/\/www.apucarana.pr.gov.br\/site\/wp-json\/wp\/v2\/posts\/32108\/revisions"}],"predecessor-version":[{"id":59529,"href":"http:\/\/www.apucarana.pr.gov.br\/site\/wp-json\/wp\/v2\/posts\/32108\/revisions\/59529"}],"wp:featuredmedia":[{"embeddable":true,"href":"http:\/\/www.apucarana.pr.gov.br\/site\/wp-json\/"}],"wp:attachment":[{"href":"http:\/\/www.apucarana.pr.gov.br\/site\/wp-json\/wp\/v2\/media?parent=32108"}],"wp:term":[{"taxonomy":"category","embeddable":true,"href":"http:\/\/www.apucarana.pr.gov.br\/site\/wp-json\/wp\/v2\/categories?post=32108"},{"taxonomy":"post_tag","embeddable":true,"href":"http:\/\/www.apucarana.pr.gov.br\/site\/wp-json\/wp\/v2\/tags?post=32108"}],"curies":[{"name":"wp","href":"https:\/\/api.w.org\/{rel}","templated":true}]}}