{"id":30738,"date":"2020-03-26T16:06:07","date_gmt":"2020-03-26T19:06:07","guid":{"rendered":"http:\/\/172.16.0.7\/site-antigo\/?p=30738"},"modified":"2024-10-08T09:20:18","modified_gmt":"2024-10-08T12:20:18","slug":"ultimo-bairro-de-apucarana-sem-asfalto-e-pavimentado","status":"publish","type":"post","link":"http:\/\/www.apucarana.pr.gov.br\/site\/ultimo-bairro-de-apucarana-sem-asfalto-e-pavimentado\/","title":{"rendered":"\u00daltimo bairro de Apucarana sem asfalto \u00e9 pavimentado"},"content":{"rendered":"<p>O Jardim Santiago &#8211; \u00faltimo bairro de Apucarana que n\u00e3o contava com asfalto &#8211; est\u00e1 recebendo a benfeitoria. Nesta semana, a empreiteira contratada pela Prefeitura iniciou os servi\u00e7os de coloca\u00e7\u00e3o da capa asf\u00e1ltica, que abranger\u00e1 todas as ruas do bairro. O investimento \u00e9 de mais de R$ 2 milh\u00f5es, com recursos do Governo Federal e contrapartida do Munic\u00edpio.<br \/>\nO prefeito de Apucarana, Junior da Femac, afirma que os servi\u00e7os ao ar livre em que n\u00e3o existe aglomera\u00e7\u00e3o de pessoas, como os de pavimenta\u00e7\u00e3o, continuam sendo executados. \u201cAp\u00f3s a terraplanagem, implanta\u00e7\u00e3o da rede de drenagem, do meio-fio e da base, a empreiteira est\u00e1 colocando a capa asf\u00e1ltica com espessura de tr\u00eas cent\u00edmetros, que \u00e9 uma camada do material chamado de concreto betuminoso usinado a quente\u201d, explica Junior da Femac.<br \/>\nJunior da Femac lembra que h\u00e1 seis anos, no in\u00edcio da gest\u00e3o Beto Preto, ainda havia 97 quil\u00f4metros de ruas sem pavimenta\u00e7\u00e3o asf\u00e1ltica em Apucarana e, grande parte da malha vi\u00e1ria existente, apresentava prec\u00e1ria conserva\u00e7\u00e3o. \u201cCom a pavimenta\u00e7\u00e3o do Jardim Santiago, chegamos a um marco hist\u00f3rico, levando a benfeitoria a 100% dos bairros de Apucarana\u201d, frisa Junior da Femac, acrescentando que agora sobrar\u00e3o apenas pequenos trechos de alguns bairros, que ficaram para tr\u00e1s em gest\u00f5es anteriores.<br \/>\nO prefeito salienta que a benfeitoria vai transformar o dia a dia dos moradores, assim como aconteceu em diversos outros bairros que tiveram que conviver por anos bom o barro e a poeira. Todas as vias do bairro (localizado na regi\u00e3o leste da cidade) \u00a0est\u00e3o sendo pavimentadas, abrangendo as ruas Ant\u00f4nio Boava, Carlos Neves, Em\u00edlio Mar\u00e7al, Tereza Zanela, Alfredo Pereira, Benedito Soares, Hildebrando Machado e Edna Soares.<br \/>\nO prefeito frisa\u00a0 que os recursos foram reivindicados pelo prefeito Beto Preto e liberados com a intermedia\u00e7\u00e3o do deputado federal S\u00e9rgio Souza. No ano passado, j\u00e1 sob o comando do prefeito Junior da Femac, o projeto foi licitado e as obras tiveram in\u00edcio no final de novembro. O dinheiro \u00e9 oriundo do FGTS e foi transferido pelo Minist\u00e9rio de Estado do Desenvolvimento Regional (MDR), por meio do Programa Avan\u00e7ar Cidades.<br \/>\nDe acordo com o engenheiro Herivelto Moreno, secret\u00e1rio municipal de Obras, os servi\u00e7os est\u00e3o sendo executados pela Romo Pavimentadora Ltda, empresa vencedora da licita\u00e7\u00e3o. \u201cTodas as ruas do bairro est\u00e3o sendo pavimentadas, totalizando uma \u00e1rea de 17.300 metros quadrados de asfalto. At\u00e9 a metade da semana que vem o servi\u00e7o de coloca\u00e7\u00e3o da capa asf\u00e1ltica estar\u00e1 conclu\u00eddo, faltando apenas a pintura da sinaliza\u00e7\u00e3o e a coloca\u00e7\u00e3o de placas de tr\u00e2nsito\u201d, informa o secret\u00e1rio, acrescentando que a obra est\u00e1 sendo complementada com a constru\u00e7\u00e3o de cal\u00e7adas que facilitar\u00e3o a locomo\u00e7\u00e3o dos pedestres.<\/p>\n","protected":false},"excerpt":{"rendered":"<p>A benfeitoria est\u00e1 chegando a todas as ruas do Jardim Santiago e, com isso, o asfalto ser\u00e1 realidade em 100% dos bairros de Apucarana. (Foto: PMA)<\/p>\n","protected":false},"author":4,"featured_media":30742,"comment_status":"closed","ping_status":"open","sticky":false,"template":"","format":"standard","meta":{"footnotes":""},"categories":[24],"tags":[],"class_list":["post-30738","post","type-post","status-publish","format-standard","has-post-thumbnail","hentry","category-noticias"],"acf":[],"_links":{"self":[{"href":"http:\/\/www.apucarana.pr.gov.br\/site\/wp-json\/wp\/v2\/posts\/30738","targetHints":{"allow":["GET"]}}],"collection":[{"href":"http:\/\/www.apucarana.pr.gov.br\/site\/wp-json\/wp\/v2\/posts"}],"about":[{"href":"http:\/\/www.apucarana.pr.gov.br\/site\/wp-json\/wp\/v2\/types\/post"}],"author":[{"embeddable":true,"href":"http:\/\/www.apucarana.pr.gov.br\/site\/wp-json\/wp\/v2\/users\/4"}],"replies":[{"embeddable":true,"href":"http:\/\/www.apucarana.pr.gov.br\/site\/wp-json\/wp\/v2\/comments?post=30738"}],"version-history":[{"count":1,"href":"http:\/\/www.apucarana.pr.gov.br\/site\/wp-json\/wp\/v2\/posts\/30738\/revisions"}],"predecessor-version":[{"id":99639,"href":"http:\/\/www.apucarana.pr.gov.br\/site\/wp-json\/wp\/v2\/posts\/30738\/revisions\/99639"}],"wp:featuredmedia":[{"embeddable":true,"href":"http:\/\/www.apucarana.pr.gov.br\/site\/wp-json\/"}],"wp:attachment":[{"href":"http:\/\/www.apucarana.pr.gov.br\/site\/wp-json\/wp\/v2\/media?parent=30738"}],"wp:term":[{"taxonomy":"category","embeddable":true,"href":"http:\/\/www.apucarana.pr.gov.br\/site\/wp-json\/wp\/v2\/categories?post=30738"},{"taxonomy":"post_tag","embeddable":true,"href":"http:\/\/www.apucarana.pr.gov.br\/site\/wp-json\/wp\/v2\/tags?post=30738"}],"curies":[{"name":"wp","href":"https:\/\/api.w.org\/{rel}","templated":true}]}}