{"id":30693,"date":"2020-03-20T18:28:51","date_gmt":"2020-03-20T21:28:51","guid":{"rendered":"http:\/\/172.16.0.7\/site-antigo\/?p=30693"},"modified":"2024-10-08T09:20:19","modified_gmt":"2024-10-08T12:20:19","slug":"pronto-atendimento-do-coronavirus-atende-mais-de-40-pessoas-no-primeiro-dia","status":"publish","type":"post","link":"http:\/\/www.apucarana.pr.gov.br\/site\/pronto-atendimento-do-coronavirus-atende-mais-de-40-pessoas-no-primeiro-dia\/","title":{"rendered":"Pronto Atendimento do Coronav\u00edrus atende mais de 40 pessoas no primeiro dia"},"content":{"rendered":"<p>O primeiro dia de funcionamento do Pronto Atendimento do Coronav\u00edrus em Apucarana recebeu 41 pessoas at\u00e9 as 17 horas desta sexta-feira. J\u00e1 as tr\u00eas linhas telef\u00f4nicas disponibilizadas para a popula\u00e7\u00e3o tirar d\u00favidas sobre a doen\u00e7a recebeu 141 liga\u00e7\u00f5es entre 7 horas e 17 horas.<br \/>\n\u201cDas 41 atendimentos nenhum se enquadrou nos crit\u00e9rios para fazer o exame para detectar coronav\u00edrus\u201d, informa o diretor presidente da Autarquia Municipal de Sa\u00fade (AMS).<br \/>\nPronto Atendimento e a central telef\u00f4nica come\u00e7aram a funcionar hoje a partir de medidas adotadas pela prefeitura, atrav\u00e9s da Autarquia Municipal de Sa\u00fade, visando oferecer aos apucaranenses uma estrutura de sa\u00fade exclusiva para atender casos suspeitos do coronav\u00edrus.<br \/>\nPronto Atendimento do Coronav\u00edrus est\u00e1 funcionando no andar t\u00e9rreo da Autarquia Municipal de Sa\u00fade (AMS). O servi\u00e7o \u00e9 oferecido, ininterruptamente, de segunda-feira a domingo, entre 7 horas e 23 horas.<br \/>\nO Pronto Atendimento do Coronav\u00edrus ocupa estrutura do espa\u00e7o onde funcionava at\u00e9 agora o Centro de Especialidades, mais exatamente onde foi por muitos anos o Pronto Atendimento de Apucarana (PAM). O acesso das pessoas que precisarem procurar esse servi\u00e7o deve ser feito para parte lateral do pr\u00e9dio da Autarquia de Sa\u00fade, evitando assim o contato com as demais pessoas que circulam pelo pr\u00e9dio.<br \/>\n\u201cNeste local \u00e9 feita a triagem, consultas e coleta de material para exame e os encaminhamentos necess\u00e1rios de cada caso, podendo ser isolamento domiciliar ou interna\u00e7\u00e3o hospitalar\u201d, explica o diretor presidente da AMS, Roberto Kaneta.<br \/>\nDe acordo com Kaneta, os 12 m\u00e9dicos especialistas que atuam regularmente no Centro de Especialidades formam o corpo cl\u00ednico, ao lado de 6 m\u00e9dicos residentes do Ambulat\u00f3rio Municipal de Dermatologia, para atender os poss\u00edveis casos suspeitos do coronav\u00edrus no Pronto Atendimento.<br \/>\n\u201cEstamos adotando todas as medidas poss\u00edveis, em sintonia com o Governo do Estado e com o Governo Federal, visando principalmente interromper a circula\u00e7\u00e3o do v\u00edrus&#8221;, assinalou Junior da Femac. Ele reitera que a assist\u00eancia m\u00e9dica exclusiva para os casos suspeitos de coronav\u00edrus est\u00e1 disponibilizada, mas o ideal \u00e9 que todos permane\u00e7am em suas casas.<br \/>\n&nbsp;<br \/>\n<strong>Telefones do Pronto Atendimento Tira D\u00favidas Coronav\u00edrus:<\/strong><br \/>\n<strong>Fixo \u2013 3162-3049<\/strong><br \/>\n<strong>Celulares \u2013 99967- 0845 e 99967-0563 \u2013 Atendimento por liga\u00e7\u00e3o ou pelo WhatsApp.<\/strong><br \/>\n&nbsp;<br \/>\n&nbsp;<br \/>\n&nbsp;<br \/>\n&nbsp;<\/p>\n","protected":false},"excerpt":{"rendered":"<p>As tr\u00eas linhas telef\u00f4nicas disponibilizadas para a popula\u00e7\u00e3o tirar d\u00favidas sobre a doen\u00e7a recebeu 141 liga\u00e7\u00f5es entre 7 horas e 17 horas desta sexta-feira<\/p>\n","protected":false},"author":4,"featured_media":30694,"comment_status":"closed","ping_status":"open","sticky":false,"template":"","format":"standard","meta":{"footnotes":""},"categories":[24],"tags":[],"class_list":["post-30693","post","type-post","status-publish","format-standard","has-post-thumbnail","hentry","category-noticias"],"acf":[],"_links":{"self":[{"href":"http:\/\/www.apucarana.pr.gov.br\/site\/wp-json\/wp\/v2\/posts\/30693","targetHints":{"allow":["GET"]}}],"collection":[{"href":"http:\/\/www.apucarana.pr.gov.br\/site\/wp-json\/wp\/v2\/posts"}],"about":[{"href":"http:\/\/www.apucarana.pr.gov.br\/site\/wp-json\/wp\/v2\/types\/post"}],"author":[{"embeddable":true,"href":"http:\/\/www.apucarana.pr.gov.br\/site\/wp-json\/wp\/v2\/users\/4"}],"replies":[{"embeddable":true,"href":"http:\/\/www.apucarana.pr.gov.br\/site\/wp-json\/wp\/v2\/comments?post=30693"}],"version-history":[{"count":1,"href":"http:\/\/www.apucarana.pr.gov.br\/site\/wp-json\/wp\/v2\/posts\/30693\/revisions"}],"predecessor-version":[{"id":99650,"href":"http:\/\/www.apucarana.pr.gov.br\/site\/wp-json\/wp\/v2\/posts\/30693\/revisions\/99650"}],"wp:featuredmedia":[{"embeddable":true,"href":"http:\/\/www.apucarana.pr.gov.br\/site\/wp-json\/"}],"wp:attachment":[{"href":"http:\/\/www.apucarana.pr.gov.br\/site\/wp-json\/wp\/v2\/media?parent=30693"}],"wp:term":[{"taxonomy":"category","embeddable":true,"href":"http:\/\/www.apucarana.pr.gov.br\/site\/wp-json\/wp\/v2\/categories?post=30693"},{"taxonomy":"post_tag","embeddable":true,"href":"http:\/\/www.apucarana.pr.gov.br\/site\/wp-json\/wp\/v2\/tags?post=30693"}],"curies":[{"name":"wp","href":"https:\/\/api.w.org\/{rel}","templated":true}]}}