{"id":30686,"date":"2020-03-20T17:51:48","date_gmt":"2020-03-20T20:51:48","guid":{"rendered":"http:\/\/172.16.0.7\/site-antigo\/?p=30686"},"modified":"2024-10-08T09:20:19","modified_gmt":"2024-10-08T12:20:19","slug":"apucarana-limita-horario-e-numero-de-pessoas-em-velorios","status":"publish","type":"post","link":"http:\/\/www.apucarana.pr.gov.br\/site\/apucarana-limita-horario-e-numero-de-pessoas-em-velorios\/","title":{"rendered":"Apucarana limita hor\u00e1rio e n\u00famero de pessoas em vel\u00f3rios"},"content":{"rendered":"<p>Dentro das a\u00e7\u00f5es preventivas ao coronav\u00edrus, Apucarana regulamentou nesta sexta-feira (20\/03) novas regras para os vel\u00f3rios durante o per\u00edodo em que vigorar o estado de emerg\u00eancia em Sa\u00fade P\u00fablica. De acordo com decreto municipal assinado pelo prefeito J\u00fanior da Femac, a partir deste s\u00e1bado todos os vel\u00f3rios que ocorrerem no munic\u00edpio ter\u00e3o o prazo m\u00e1ximo de 2 horas.<br \/>\nDiante da recomenda\u00e7\u00e3o da Organiza\u00e7\u00e3o Mundial da Sa\u00fade (OMS), para que aglomera\u00e7\u00f5es sejam evitadas, fica limitada tamb\u00e9m a participa\u00e7\u00e3o de no m\u00e1ximo 25 pessoas a cada vel\u00f3rio. \u201cOs sepultamentos s\u00f3 poder\u00e3o acontecer durante o hor\u00e1rio de funcionamento das capelas mortu\u00e1rias municipais, entre as 7 \u00e0s 19 horas\u201d, informa Marcos Bueno, diretor-presidente da Aserfa.<br \/>\nSegundo o decreto, caso o tempo m\u00e1ximo de 2 horas n\u00e3o tenha decorrido at\u00e9 as 19 horas, quando a capela ser\u00e1 fechada, a fam\u00edlia poder\u00e1 complementar no dia seguinte, a partir das 7 horas. \u201cA morte de um ente querido \u00e9 uma situa\u00e7\u00e3o muito dolorosa, mas o momento requer medidas mais severas, como estas que est\u00e3o ocorrendo n\u00e3o s\u00f3 em Apucarana, mas em praticamente todo o pa\u00eds e visam impedir o avan\u00e7o do v\u00edrus. A administra\u00e7\u00e3o municipal, atrav\u00e9s do prefeito J\u00fanior da Femac, est\u00e1 tomando todas as medidas necess\u00e1rias para que n\u00e3o ocorram mortes devido ao coronav\u00edrus em nossa cidade e para tanto a sociedade tamb\u00e9m tem que fazer a sua parte, seguindo as novas normas e recomenda\u00e7\u00f5es das autoridades m\u00e9dicas\u201d, assinalou Bueno.<br \/>\nO diretor-presidente da Aserfa fez ainda um apelo para que compare\u00e7am aos vel\u00f3rios apenas os parentes mais pr\u00f3ximos, em especial os de primeiro grau. \u201cOs demais recomendamos que rendam suas homenagens telefonando ou enviando mensagens e, mesmo aqueles que comparecerem aos vel\u00f3rios, permane\u00e7am no local o menor tempo poss\u00edvel e retornem o quanto antes para suas casas\u201d, pediu Marcos Bueno.<\/p>\n","protected":false},"excerpt":{"rendered":"<p>Os sepultamentos s\u00f3 poder\u00e3o acontecer durante o hor\u00e1rio de funcionamento das capelas mortu\u00e1rias municipais, entre as 7 \u00e0s 19 horas (Foto: PMA)<\/p>\n","protected":false},"author":4,"featured_media":30688,"comment_status":"closed","ping_status":"open","sticky":false,"template":"","format":"standard","meta":{"footnotes":""},"categories":[24],"tags":[],"class_list":["post-30686","post","type-post","status-publish","format-standard","has-post-thumbnail","hentry","category-noticias"],"acf":[],"_links":{"self":[{"href":"http:\/\/www.apucarana.pr.gov.br\/site\/wp-json\/wp\/v2\/posts\/30686","targetHints":{"allow":["GET"]}}],"collection":[{"href":"http:\/\/www.apucarana.pr.gov.br\/site\/wp-json\/wp\/v2\/posts"}],"about":[{"href":"http:\/\/www.apucarana.pr.gov.br\/site\/wp-json\/wp\/v2\/types\/post"}],"author":[{"embeddable":true,"href":"http:\/\/www.apucarana.pr.gov.br\/site\/wp-json\/wp\/v2\/users\/4"}],"replies":[{"embeddable":true,"href":"http:\/\/www.apucarana.pr.gov.br\/site\/wp-json\/wp\/v2\/comments?post=30686"}],"version-history":[{"count":1,"href":"http:\/\/www.apucarana.pr.gov.br\/site\/wp-json\/wp\/v2\/posts\/30686\/revisions"}],"predecessor-version":[{"id":99651,"href":"http:\/\/www.apucarana.pr.gov.br\/site\/wp-json\/wp\/v2\/posts\/30686\/revisions\/99651"}],"wp:featuredmedia":[{"embeddable":true,"href":"http:\/\/www.apucarana.pr.gov.br\/site\/wp-json\/"}],"wp:attachment":[{"href":"http:\/\/www.apucarana.pr.gov.br\/site\/wp-json\/wp\/v2\/media?parent=30686"}],"wp:term":[{"taxonomy":"category","embeddable":true,"href":"http:\/\/www.apucarana.pr.gov.br\/site\/wp-json\/wp\/v2\/categories?post=30686"},{"taxonomy":"post_tag","embeddable":true,"href":"http:\/\/www.apucarana.pr.gov.br\/site\/wp-json\/wp\/v2\/tags?post=30686"}],"curies":[{"name":"wp","href":"https:\/\/api.w.org\/{rel}","templated":true}]}}