{"id":30556,"date":"2020-03-16T15:02:59","date_gmt":"2020-03-16T18:02:59","guid":{"rendered":"http:\/\/172.16.0.7\/site-antigo\/?p=30556"},"modified":"2024-10-08T09:20:20","modified_gmt":"2024-10-08T12:20:20","slug":"caminhada-da-lua-reune-400-participantes","status":"publish","type":"post","link":"http:\/\/www.apucarana.pr.gov.br\/site\/caminhada-da-lua-reune-400-participantes\/","title":{"rendered":"Caminhada da Lua re\u00fane 400 participantes"},"content":{"rendered":"<p><strong>\u00a0<\/strong>A Caminhada Internacional da Lua de Apucarana reuniu, no s\u00e1bado \u00e0 noite, 400 participantes. O percurso de 9 Km foi realizado em meio \u00e0s estradas e propriedades rurais e teve a ades\u00e3o de pessoas de Maring\u00e1, Londrina, Cambira, Jandaia do Sul, Arapongas e S\u00e3o Paulo.<br \/>\nA atividade \u00e9 promovida pela Secretaria Municipal da Promo\u00e7\u00e3o Art\u00edstica, Cultural e Tur\u00edstica de Apucarana (Promatur), o Governo do Paran\u00e1, atrav\u00e9s da Emater, e o Governo Federal, atrav\u00e9s da REDE TRAF \u2013 Rede de Turismo Rural na Agricultura Familiar. A caminhada tem o circuito credenciado pela Anda Brasil, Caminhadas da Natureza Paran\u00e1 e Federa\u00e7\u00e3o Internacional dos Esportes Populares.<br \/>\nA caminhada noturna teve como apoiadores a Autarquia Municipal de Sa\u00fade (AMS), Autarquia Municipal de Educa\u00e7\u00e3o (AME), Secretaria Municipal da Agricultura, Secretaria Municipal de Meio Ambiente, 30\u00ba BIMec, Guarda Municipal de Apucarana (GMA) e Secretaria de Estado da Agricultura e Abastecimento (Seab).<br \/>\n&nbsp;<\/p>\n","protected":false},"excerpt":{"rendered":"<p>Atividade teve a ades\u00e3o de pessoas de Maring\u00e1, Londrina, Cambira, Jandaia do Sul, Arapongas e S\u00e3o Paulo<\/p>\n","protected":false},"author":4,"featured_media":30558,"comment_status":"closed","ping_status":"open","sticky":false,"template":"","format":"standard","meta":{"footnotes":""},"categories":[24],"tags":[],"class_list":["post-30556","post","type-post","status-publish","format-standard","has-post-thumbnail","hentry","category-noticias"],"acf":[],"_links":{"self":[{"href":"http:\/\/www.apucarana.pr.gov.br\/site\/wp-json\/wp\/v2\/posts\/30556","targetHints":{"allow":["GET"]}}],"collection":[{"href":"http:\/\/www.apucarana.pr.gov.br\/site\/wp-json\/wp\/v2\/posts"}],"about":[{"href":"http:\/\/www.apucarana.pr.gov.br\/site\/wp-json\/wp\/v2\/types\/post"}],"author":[{"embeddable":true,"href":"http:\/\/www.apucarana.pr.gov.br\/site\/wp-json\/wp\/v2\/users\/4"}],"replies":[{"embeddable":true,"href":"http:\/\/www.apucarana.pr.gov.br\/site\/wp-json\/wp\/v2\/comments?post=30556"}],"version-history":[{"count":1,"href":"http:\/\/www.apucarana.pr.gov.br\/site\/wp-json\/wp\/v2\/posts\/30556\/revisions"}],"predecessor-version":[{"id":99669,"href":"http:\/\/www.apucarana.pr.gov.br\/site\/wp-json\/wp\/v2\/posts\/30556\/revisions\/99669"}],"wp:featuredmedia":[{"embeddable":true,"href":"http:\/\/www.apucarana.pr.gov.br\/site\/wp-json\/"}],"wp:attachment":[{"href":"http:\/\/www.apucarana.pr.gov.br\/site\/wp-json\/wp\/v2\/media?parent=30556"}],"wp:term":[{"taxonomy":"category","embeddable":true,"href":"http:\/\/www.apucarana.pr.gov.br\/site\/wp-json\/wp\/v2\/categories?post=30556"},{"taxonomy":"post_tag","embeddable":true,"href":"http:\/\/www.apucarana.pr.gov.br\/site\/wp-json\/wp\/v2\/tags?post=30556"}],"curies":[{"name":"wp","href":"https:\/\/api.w.org\/{rel}","templated":true}]}}