{"id":30310,"date":"2020-03-06T15:37:35","date_gmt":"2020-03-06T18:37:35","guid":{"rendered":"http:\/\/172.16.0.7\/site-antigo\/?p=30310"},"modified":"2024-10-08T09:20:23","modified_gmt":"2024-10-08T12:20:23","slug":"educacao-ganha-o-reforco-de-200-estagiarios","status":"publish","type":"post","link":"http:\/\/www.apucarana.pr.gov.br\/site\/educacao-ganha-o-reforco-de-200-estagiarios\/","title":{"rendered":"Educa\u00e7\u00e3o ganha o refor\u00e7o de 200 estagi\u00e1rios"},"content":{"rendered":"<p>O Prefeito Junior da Femac e a secret\u00e1ria Marli Fernandes recepcionaram, na manh\u00e3 de hoje (6\/3), no sal\u00e3o de eventos da Autarquia de Educa\u00e7\u00e3o, os cerca de 200 estagi\u00e1rios que est\u00e3o sendo contratados para os 24 centros infantis e 35 escolas da rede municipal de ensino. Eles s\u00e3o acad\u00eamicos dos cursos de Pedagogia, Letras, Matem\u00e1tica, Psicologia e Magist\u00e9rio.<br \/>\nAdmitidos por meio do Instituto Proe Est\u00e1gio, em conformidade com a lei n\u00ba 11.788\/2008, os estagi\u00e1rios devem auxiliar os professores em sala de aula, sob a supervis\u00e3o das equipes diretivas das unidades escolares.<br \/>\n\u201cAl\u00e9m da contrata\u00e7\u00e3o dos estagi\u00e1rios, n\u00f3s estamos com um concurso p\u00fablico em andamento para a sele\u00e7\u00e3o de novos professores e assistentes infantis. Os aprovados no processo do Aprende (Programa de Aprendizagem Profissional na Administra\u00e7\u00e3o P\u00fablica Municipal) tamb\u00e9m devem ser convocados em breve. A gest\u00e3o Beto Preto e Junior da Femac tem compromisso com a recomposi\u00e7\u00e3o do quadro de funcion\u00e1rios dos centros infantis e escolas,\u201d afirmou a secret\u00e1ria de educa\u00e7\u00e3o.<br \/>\nO prefeito Junior da Femac pediu o empenho e a dedica\u00e7\u00e3o dos estagi\u00e1rios. \u201cAproveitem ao m\u00e1ximo essa oportunidade de forma\u00e7\u00e3o profissional. E lembrem-se sempre de que voc\u00eas est\u00e3o lidando com o bem mais precioso das fam\u00edlias: as crian\u00e7as,\u201d disse.<br \/>\nDurante o evento da manh\u00e3 de hoje, cada estagi\u00e1rio recebeu um jaleco na cor azul, personalizado com o bras\u00e3o de Apucarana. O uniforme servir\u00e1 para identifica-los no ambiente escolar.<\/p>\n","protected":false},"excerpt":{"rendered":"<p>Admitidos por meio do Instituto Proe Est\u00e1gio, em conformidade com a lei n\u00ba 11.788\/2008, os estagi\u00e1rios v\u00e3o auxiliar os professores nos 24 centros infantis e 35 escolas da rede municipal de ensino<\/p>\n","protected":false},"author":4,"featured_media":30312,"comment_status":"closed","ping_status":"open","sticky":false,"template":"","format":"standard","meta":{"footnotes":""},"categories":[24],"tags":[],"class_list":["post-30310","post","type-post","status-publish","format-standard","has-post-thumbnail","hentry","category-noticias"],"acf":[],"_links":{"self":[{"href":"http:\/\/www.apucarana.pr.gov.br\/site\/wp-json\/wp\/v2\/posts\/30310","targetHints":{"allow":["GET"]}}],"collection":[{"href":"http:\/\/www.apucarana.pr.gov.br\/site\/wp-json\/wp\/v2\/posts"}],"about":[{"href":"http:\/\/www.apucarana.pr.gov.br\/site\/wp-json\/wp\/v2\/types\/post"}],"author":[{"embeddable":true,"href":"http:\/\/www.apucarana.pr.gov.br\/site\/wp-json\/wp\/v2\/users\/4"}],"replies":[{"embeddable":true,"href":"http:\/\/www.apucarana.pr.gov.br\/site\/wp-json\/wp\/v2\/comments?post=30310"}],"version-history":[{"count":1,"href":"http:\/\/www.apucarana.pr.gov.br\/site\/wp-json\/wp\/v2\/posts\/30310\/revisions"}],"predecessor-version":[{"id":99697,"href":"http:\/\/www.apucarana.pr.gov.br\/site\/wp-json\/wp\/v2\/posts\/30310\/revisions\/99697"}],"wp:featuredmedia":[{"embeddable":true,"href":"http:\/\/www.apucarana.pr.gov.br\/site\/wp-json\/"}],"wp:attachment":[{"href":"http:\/\/www.apucarana.pr.gov.br\/site\/wp-json\/wp\/v2\/media?parent=30310"}],"wp:term":[{"taxonomy":"category","embeddable":true,"href":"http:\/\/www.apucarana.pr.gov.br\/site\/wp-json\/wp\/v2\/categories?post=30310"},{"taxonomy":"post_tag","embeddable":true,"href":"http:\/\/www.apucarana.pr.gov.br\/site\/wp-json\/wp\/v2\/tags?post=30310"}],"curies":[{"name":"wp","href":"https:\/\/api.w.org\/{rel}","templated":true}]}}