{"id":30084,"date":"2020-02-28T15:00:00","date_gmt":"2020-02-28T18:00:00","guid":{"rendered":"http:\/\/172.16.0.7\/site-antigo\/?p=30084"},"modified":"2024-10-08T09:20:25","modified_gmt":"2024-10-08T12:20:25","slug":"grillo-busca-capacitacao-em-braganca-paulista","status":"publish","type":"post","link":"http:\/\/www.apucarana.pr.gov.br\/site\/grillo-busca-capacitacao-em-braganca-paulista\/","title":{"rendered":"\u201cGrillo\u201d busca capacita\u00e7\u00e3o em Bragan\u00e7a Paulista"},"content":{"rendered":"<p>O professor Jos\u00e9 Marcelino da Silva, o Grillo, coordenador geral de atletismo da Secretaria Municipal de Esportes da Prefeitura de Apucarana, foi convidado a participar de uma cl\u00ednica e camping de treinamento de meio fundo e fundo em Bragan\u00e7a Paulista (SP). O convite foi feito pela Confedera\u00e7\u00e3o Brasileira de Atletismo (CBAt) e aceito pelo experiente professor apucaranense.<br \/>\nO evento ser\u00e1 realizado de 9 a 13 de mar\u00e7o no Centro Nacional de Desenvolvimento do Atletismo (CNDA), com o professor Clodoaldo Lopes do Carmo, que \u00e9 t\u00e9cnico de Altobeli dos Santos Silva, campe\u00e3o da Prova Pedestre 28 de Janeiro em 2017 e 2019, e de Ederson Vilela Pereira, campe\u00e3o pan-americano na prova de 10 KM.<br \/>\n\u201cRecebi com muita alegria este convite. Isso mostra o bom trabalho que estamos realizando a frente do atletismo de Apucarana, gra\u00e7as \u00e0 gest\u00e3o Beto Preto e do prefeito Junior da Femac\u201d, citou Grillo.<br \/>\nNas tr\u00eas \u00faltimas provas realizadas a equipe das categorias menores de Apucarana, treinada por Grillo, foi campe\u00e3 geral na S\u00e3o Silvestrinha, Vinteotinha e Quinzinha.<br \/>\nJossuela Pinheiro, secret\u00e1ria municipal de Esportes de Apucarana, disse que \u00e9 muito merecido esse convite feito ao Grillo. \u201cO Grillo \u00e9 um \u00f3timo profissional, trabalhador e tem revelado bons talentos no atletismo em nosso munic\u00edpio. \u00c9 justo terem convidado ele para esta cl\u00ednica em Bragan\u00e7a Paulista\u201d, destacou Jossuela.<\/p>\n","protected":false},"excerpt":{"rendered":"<p>O evento ser\u00e1 realizado de 9 a 13 de mar\u00e7o no Centro Nacional de Desenvolvimento do Atletismo (CNDA), com o professor Clodoaldo Lopes do Carmo, que \u00e9 t\u00e9cnico de Altobeli dos Santos Silva, campe\u00e3o da Prova Pedestre 28 de Janeiro em 2017 e 2019, e de Ederson Vilela Pereira, campe\u00e3o pan-americano na prova de 10 KM (Foto: PMA)<\/p>\n","protected":false},"author":4,"featured_media":0,"comment_status":"closed","ping_status":"open","sticky":false,"template":"","format":"standard","meta":{"footnotes":""},"categories":[24],"tags":[],"class_list":["post-30084","post","type-post","status-publish","format-standard","hentry","category-noticias"],"acf":[],"_links":{"self":[{"href":"http:\/\/www.apucarana.pr.gov.br\/site\/wp-json\/wp\/v2\/posts\/30084","targetHints":{"allow":["GET"]}}],"collection":[{"href":"http:\/\/www.apucarana.pr.gov.br\/site\/wp-json\/wp\/v2\/posts"}],"about":[{"href":"http:\/\/www.apucarana.pr.gov.br\/site\/wp-json\/wp\/v2\/types\/post"}],"author":[{"embeddable":true,"href":"http:\/\/www.apucarana.pr.gov.br\/site\/wp-json\/wp\/v2\/users\/4"}],"replies":[{"embeddable":true,"href":"http:\/\/www.apucarana.pr.gov.br\/site\/wp-json\/wp\/v2\/comments?post=30084"}],"version-history":[{"count":1,"href":"http:\/\/www.apucarana.pr.gov.br\/site\/wp-json\/wp\/v2\/posts\/30084\/revisions"}],"predecessor-version":[{"id":99724,"href":"http:\/\/www.apucarana.pr.gov.br\/site\/wp-json\/wp\/v2\/posts\/30084\/revisions\/99724"}],"wp:attachment":[{"href":"http:\/\/www.apucarana.pr.gov.br\/site\/wp-json\/wp\/v2\/media?parent=30084"}],"wp:term":[{"taxonomy":"category","embeddable":true,"href":"http:\/\/www.apucarana.pr.gov.br\/site\/wp-json\/wp\/v2\/categories?post=30084"},{"taxonomy":"post_tag","embeddable":true,"href":"http:\/\/www.apucarana.pr.gov.br\/site\/wp-json\/wp\/v2\/tags?post=30084"}],"curies":[{"name":"wp","href":"https:\/\/api.w.org\/{rel}","templated":true}]}}