{"id":30068,"date":"2020-02-28T13:16:53","date_gmt":"2020-02-28T16:16:53","guid":{"rendered":"http:\/\/172.16.0.7\/site-antigo\/?p=30068"},"modified":"2024-10-08T09:20:25","modified_gmt":"2024-10-08T12:20:25","slug":"rede-de-farmacias-sao-joao-inaugura-unidade-em-apucarana","status":"publish","type":"post","link":"http:\/\/www.apucarana.pr.gov.br\/site\/rede-de-farmacias-sao-joao-inaugura-unidade-em-apucarana\/","title":{"rendered":"Rede de farm\u00e1cias S\u00e3o Jo\u00e3o inaugura unidade em Apucarana"},"content":{"rendered":"<p>A maior rede varejista de medicamentos Sul do Brasil e a quarta maior do Pa\u00eds iniciou o seu processo de expans\u00e3o no Paran\u00e1, inaugurando nesta sexta-feira (28\/02) uma unidade em Apucarana. Essa \u00e9 a primeira de tr\u00eas farm\u00e1cias que ser\u00e3o abertas na cidade at\u00e9 o final de mar\u00e7o. O investimento total \u00e9 de R$ 8 milh\u00f5es, com a gera\u00e7\u00e3o de mais de 100 empregos.<br \/>\nA primeira loja aberta est\u00e1 localizada na esquina das Ruas Nagib Daher com Jo\u00e3o C\u00e2ndido Ferreira. A inaugura\u00e7\u00e3o contou com a presen\u00e7a do presidente da rede de farm\u00e1cias S\u00e3o Jo\u00e3o, Pedro Henrique Brair, que esteve acompanhado do respons\u00e1vel pela engenharia, arquitetura e expans\u00e3o da rede, Marcelo Maciel. O prefeito de Apucarana, Junior da Femac, participou da solenidade de inaugura\u00e7\u00e3o, ao lado do secret\u00e1rio municipal de Ind\u00fastria, Com\u00e9rcio e Emprego, Edison Estrope, e do deputado estadual, Arilson Chiorato.<br \/>\nJunior da Femac afirma que Apucarana est\u00e1 vivendo um momento especial, com a atra\u00e7\u00e3o de diversos investimentos. \u201cO grupo levantou os dados de Apucarana e viu que a cidade tem potencial, que possui uma constru\u00e7\u00e3o civil que est\u00e1 em expans\u00e3o e que somos uma cidade universit\u00e1ria com mais de 10 mil estudantes, al\u00e9m de Apucarana ser polo de servi\u00e7os na \u00e1rea de sa\u00fade, ter um com\u00e9rcio que atrai consumidores de toda a regi\u00e3o e concentrar tamb\u00e9m diversos servi\u00e7os financeiros e de \u00f3rg\u00e3os dos governos estadual e federal\u201d, frisa Junior da Femac, citando ainda que recentemente Apucarana recebeu v\u00e1rios empreendimentos que somam mais de R$ 130 milh\u00f5es em investimentos, entre os quais est\u00e3o o \u201catacarejo\u201d, Biofort e o Grupo Borges &amp; Rossa.<br \/>\nO prefeito lembra que a rede de farm\u00e1cias S\u00e3o Jo\u00e3o surgiu em Passo Fundo (RS) e atualmente possui 710 unidades, em mais de 200 cidades. \u201c\u00c9 a maior rede varejista de medicamentos do Sul do Brasil e que agora inicia a expans\u00e3o no Paran\u00e1. Simultaneamente, est\u00e3o sendo inauguradas unidades em seis cidades paranaenses e o presidente da rede escolheu para estar presente em Apucarana. Isso para n\u00f3s \u00e9 motivo de muita alegria, orgulho e satisfa\u00e7\u00e3o\u201d, assinala Junior da Femac.<br \/>\nA unidade inaugurada foi instalada em \u00e1rea de 360 metros quadrados, atrav\u00e9s de uma parceria entre a rede e um empres\u00e1rio de Apucarana, que \u00e9 dono do im\u00f3vel. \u201cAt\u00e9 o final de mar\u00e7o vamos inaugurar mais duas unidades, sendo que uma delas ser\u00e1 ainda maior e vamos abrir em um im\u00f3vel que n\u00f3s compramos\u201d, afirma Pedro Henrique Brair.<br \/>\nAs demais farm\u00e1cias da rede ser\u00e3o inauguradas uma na Rua Severino Cerutti e a outra na esquina da Avenida Minas Gerais com a Rua Firman Neto. \u201cApucarana \u00e9 uma cidade pr\u00f3spera, com um n\u00famero significativo de habitantes. Fizemos uma pesquisa de mercado e vimos que \u00e9 uma cidade pujante, sendo polo de uma regi\u00e3o onde vivem cerca de 300 mil pessoas e onde as cidades ficam muito pr\u00f3ximas. Al\u00e9m disso, fomos muito bem acolhidos pelo prefeito de Apucarana e pela sua equipe e sentimos que \u00e9 uma cidade empreendedora\u201d, ressalta Brair.<br \/>\nA unidade que j\u00e1 abriu as portas est\u00e1 empregando 20 pessoas. Al\u00e9m da ger\u00eancia, s\u00e3o farmac\u00eauticos, caixas, balconistas e auxiliar de limpeza. O atendimento acontece todos os dias, de segunda a domingo, no per\u00edodo das 7h30 \u00e0 meia noite.<br \/>\n<strong>Unidades divulgar\u00e3o potenciais da cidade<\/strong><br \/>\nAp\u00f3s a inaugura\u00e7\u00e3o, o prefeito Junior da Femac teve uma reuni\u00e3o, no gabinete municipal, com o empres\u00e1rio Pedro Henrique Brair e equipe de marketing da rede. A rede de farm\u00e1cias instalar\u00e1 pain\u00e9is nas unidades de Apucarana que divulgar\u00e3o os potenciais da cidade. \u201cIsso para enaltecer a Apucarana e tamb\u00e9m para que os nossos clientes se sintam parte integrante desta pujan\u00e7a\u201d, frisa o empres\u00e1rio.<br \/>\nO prefeito de Apucarana elogiou o dinamismo de Pedro Henrique Brair. \u201cMostrando todo o dinamismo, ele aceitou nosso convite para que pud\u00e9ssemos passar mais detalhes sobre os potenciais de Apucarana\u201d, disse Junior da Femac, salientando que o esp\u00edrito empreendedor do empres\u00e1rio est\u00e1 em sintonia com Apucarana. \u201cO Pedro iniciou como atendente de farm\u00e1cia,\u00a0depois abriu a sua primeira farm\u00e1cia e hoje a rede j\u00e1 tem 710 unidades. \u00c9 um empreendimento familiar que preza pelo acolhimento, assim como acontece com a hospitalidade do povo de Apucarana, e que congrega valores humanos e cuja iniciativa vai muito al\u00e9m de simplesmente vender rem\u00e9dios\u201d, enaltece Junior da Femac, acrescentando que colocou Apucarana \u00e0 disposi\u00e7\u00e3o para ser um ponto de log\u00edstica da rede no Paran\u00e1.<\/p>\n","protected":false},"excerpt":{"rendered":"<p>Essa \u00e9 a primeira de tr\u00eas farm\u00e1cias que ser\u00e3o abertas na cidade at\u00e9 o final de mar\u00e7o, gerando mais de 100 empregos. (Fotos: PMA).<\/p>\n","protected":false},"author":4,"featured_media":30070,"comment_status":"closed","ping_status":"open","sticky":false,"template":"","format":"standard","meta":{"footnotes":""},"categories":[24],"tags":[],"class_list":["post-30068","post","type-post","status-publish","format-standard","has-post-thumbnail","hentry","category-noticias"],"acf":[],"_links":{"self":[{"href":"http:\/\/www.apucarana.pr.gov.br\/site\/wp-json\/wp\/v2\/posts\/30068","targetHints":{"allow":["GET"]}}],"collection":[{"href":"http:\/\/www.apucarana.pr.gov.br\/site\/wp-json\/wp\/v2\/posts"}],"about":[{"href":"http:\/\/www.apucarana.pr.gov.br\/site\/wp-json\/wp\/v2\/types\/post"}],"author":[{"embeddable":true,"href":"http:\/\/www.apucarana.pr.gov.br\/site\/wp-json\/wp\/v2\/users\/4"}],"replies":[{"embeddable":true,"href":"http:\/\/www.apucarana.pr.gov.br\/site\/wp-json\/wp\/v2\/comments?post=30068"}],"version-history":[{"count":1,"href":"http:\/\/www.apucarana.pr.gov.br\/site\/wp-json\/wp\/v2\/posts\/30068\/revisions"}],"predecessor-version":[{"id":99726,"href":"http:\/\/www.apucarana.pr.gov.br\/site\/wp-json\/wp\/v2\/posts\/30068\/revisions\/99726"}],"wp:featuredmedia":[{"embeddable":true,"href":"http:\/\/www.apucarana.pr.gov.br\/site\/wp-json\/"}],"wp:attachment":[{"href":"http:\/\/www.apucarana.pr.gov.br\/site\/wp-json\/wp\/v2\/media?parent=30068"}],"wp:term":[{"taxonomy":"category","embeddable":true,"href":"http:\/\/www.apucarana.pr.gov.br\/site\/wp-json\/wp\/v2\/categories?post=30068"},{"taxonomy":"post_tag","embeddable":true,"href":"http:\/\/www.apucarana.pr.gov.br\/site\/wp-json\/wp\/v2\/tags?post=30068"}],"curies":[{"name":"wp","href":"https:\/\/api.w.org\/{rel}","templated":true}]}}