{"id":30061,"date":"2020-02-27T19:13:28","date_gmt":"2020-02-27T22:13:28","guid":{"rendered":"http:\/\/172.16.0.7\/site-antigo\/?p=30061"},"modified":"2024-10-08T09:20:25","modified_gmt":"2024-10-08T12:20:25","slug":"obras-da-cristiano-kussmaul-abrem-novas-fronteiras-de-desenvolvimento","status":"publish","type":"post","link":"http:\/\/www.apucarana.pr.gov.br\/site\/obras-da-cristiano-kussmaul-abrem-novas-fronteiras-de-desenvolvimento\/","title":{"rendered":"Obras da \u201cCristiano Kussmaul\u201d abrem novas fronteiras de desenvolvimento"},"content":{"rendered":"<p>Projetada para atender aos moradores da regi\u00e3o e garantir liga\u00e7\u00e3o mais r\u00e1pida e segura ao Contorno Sul de Apucarana, as obras de reconstru\u00e7\u00e3o de um trecho de 2,3 quil\u00f4metros da Rua Cristiano Kussmaul foram vistoriadas nesta quinta-feira (27\/02) pelo prefeito J\u00fanior da Femac. Acompanhado de secret\u00e1rios municipais, J\u00fanior destacou a import\u00e2ncia da obra para a cidade. \u201cA remodela\u00e7\u00e3o desta rua \u00e9 mais uma obra estruturante viabilizada pela gest\u00e3o Beto Preto e que estou dando continuidade, que abre novas fronteiras e certamente induzir\u00e1 um maior desenvolvimento para toda esta importante regi\u00e3o da cidade\u201d, pontuou o prefeito.<br \/>\nExecutada pela Tapalam Constru\u00e7\u00f5es e Empreendimentos, vencedora da licita\u00e7\u00e3o, a melhoria vai absorver investimento na ordem de R$3.063.544,14, sendo R$2.443.079,06 via Banco Fomento Paran\u00e1 e R$1.081.510,87 de contrapartida municipal. As melhorias envolvem drenagem pluvial, alargamento da via com implanta\u00e7\u00e3o de meio-fio, cal\u00e7adas com acessibilidade, pavimenta\u00e7\u00e3o asf\u00e1ltica em \u00e1rea de 21,5 mil m\u00b2 e sinaliza\u00e7\u00e3o de tr\u00e2nsito. \u201cA nova pista de rolamento ter\u00e1 10 metros de largura, com asfalto pr\u00f3prio para tr\u00e1fego pesado, fazendo a liga\u00e7\u00e3o da cidade com o Contorno Sul e criando uma moderna entrada para a cidade\u201d, detalhou J\u00fanior da Femac.<br \/>\nA execu\u00e7\u00e3o da obra, afirma o prefeito, simboliza o momento de uni\u00e3o que Apucarana vivencia. \u201cEsta via foi feita na d\u00e9cada de 90 sem o devido planejamento, em uma \u00e9poca onde n\u00e3o se pensava no futuro. Aplicaram apenas um antip\u00f3, a \u00e1gua da chuva n\u00e3o tinha para onde escorrer, por isso o pavimento n\u00e3o ag\u00fcentava e exigia manuten\u00e7\u00e3o constante. Hoje, contudo, a prefeitura \u00e9 administrada por um time que ama e trabalha pelo melhor para Apucarana\u201d, pontuou, salientando outros investimentos p\u00fablicos viabilizados na regi\u00e3o \u2013 constru\u00e7\u00e3o de escola e unidade b\u00e1sica de sa\u00fade. \u201cO posto j\u00e1 est\u00e1 em funcionamento e a escola muito em breve estar\u00e1 atendendo centenas de alunos. Com isto, a iniciativa privada vem junto e novos loteamentos residenciais estar\u00e3o sendo liberados daqui para a frente, sem contar com novos empreendimentos comerciais e industriais\u201d, observou o prefeito, lembrando que a regi\u00e3o cresceu muito nos \u00faltimos anos e hoje j\u00e1 conta com com\u00e9rcio e ind\u00fastrias consolidadas, igrejas e milhares de moradores.<br \/>\nJ\u00fanior pontou ainda a for\u00e7a pol\u00edtica de Apucarana. \u201cEste projeto foi planejado pelo ex-prefeito e atual secret\u00e1rio de Estado da Sa\u00fade, Dr. Beto Preto, pelo secret\u00e1rio de Obras Herivelto Moreno e por mim, ainda enquanto vice-prefeito, e contou desde o in\u00edcio com a participa\u00e7\u00e3o do Governador Ratinho J\u00fanior, enquanto ele era secret\u00e1rio de Estado do Desenvolvimento Urbano. Do protocolo junto ao Governo do Paran\u00e1 at\u00e9 a libera\u00e7\u00e3o dos recursos foram quatro anos e, quando assumiu o governo, uma das primeiras iniciativas do Ratinho J\u00fanior, com intermedia\u00e7\u00e3o do Beto Preto, foi liberar os recursos e vir pessoalmente a Apucarana liberar a obra. Por esta aten\u00e7\u00e3o por Apucarana, somos muito gratos ao governador\u201d, lembrou J\u00fanior da Femac.<br \/>\nAs melhorias para o trecho tamb\u00e9m contemplam um sistema de ilumina\u00e7\u00e3o p\u00fablica mais potente e eficiente, contribuindo para a expans\u00e3o e desenvolvimento da atividade imobili\u00e1ria e industrial. \u201cComo o prefeito afirmou, \u00e9 uma obra fant\u00e1stica que vai alavancar o desenvolvimento desta regi\u00e3o Sul. Temos aqui pr\u00f3ximo o Parque Industrial Galan, que estamos tamb\u00e9m reestruturando. Esta nova pista vai atender \u00e0s necessidades de todos os empres\u00e1rios, ao contr\u00e1rio da antiga, que era muito estreita e de pavimento muito ruim\u201d, disse Edison Estrope, secret\u00e1rio Municipal da Ind\u00fastria, Com\u00e9rcio e Emprego.<br \/>\nNascido na regi\u00e3o, o pioneiro Satio Kayukawa revelou que a remodela\u00e7\u00e3o da Rua Cristiano Kussmaul \u00e9 um sonho de 60 anos. \u201cToda esta regi\u00e3o foi colonizada especialmente por japoneses e ucranianos, que j\u00e1 acreditavam no potencial deste lado da cidade. Hoje, gra\u00e7as \u00e0 gest\u00e3o Beto Preto e J\u00fanior da Femac e ao Governador Ratinho J\u00fanior, estamos recebendo este presente t\u00e3o esperado\u201d, disse Kayukawa.<br \/>\nO secret\u00e1rio Municipal de Obras, Herivelto Moreno, relata que o projeto de moderniza\u00e7\u00e3o da rua prev\u00ea ainda a constru\u00e7\u00e3o de uma outra faixa de tr\u00e1fego, passando a ser uma avenida duplicada. \u201cEsta segunda faixa ser\u00e1 de responsabilidade das loteadoras\u201d, relatou Moreno. Iniciados no final do ano passado, os trabalhos est\u00e3o \u00faltima etapa e devem ser conclu\u00eddos em at\u00e9 60 dias. A agenda de vistoria tamb\u00e9m foi acompanhada pelo vereador Lucas Leugi.<\/p>\n","protected":false},"excerpt":{"rendered":"<p>As obras de reconstru\u00e7\u00e3o de um trecho de 2,3 quil\u00f4metros da Rua Cristiano Kussmaul foram vistoriadas nesta quinta-feira (27\/02) pelo prefeito J\u00fanior da Femac (Foto: PMA)<\/p>\n","protected":false},"author":4,"featured_media":30066,"comment_status":"closed","ping_status":"open","sticky":false,"template":"","format":"standard","meta":{"footnotes":""},"categories":[24],"tags":[],"class_list":["post-30061","post","type-post","status-publish","format-standard","has-post-thumbnail","hentry","category-noticias"],"acf":[],"_links":{"self":[{"href":"http:\/\/www.apucarana.pr.gov.br\/site\/wp-json\/wp\/v2\/posts\/30061","targetHints":{"allow":["GET"]}}],"collection":[{"href":"http:\/\/www.apucarana.pr.gov.br\/site\/wp-json\/wp\/v2\/posts"}],"about":[{"href":"http:\/\/www.apucarana.pr.gov.br\/site\/wp-json\/wp\/v2\/types\/post"}],"author":[{"embeddable":true,"href":"http:\/\/www.apucarana.pr.gov.br\/site\/wp-json\/wp\/v2\/users\/4"}],"replies":[{"embeddable":true,"href":"http:\/\/www.apucarana.pr.gov.br\/site\/wp-json\/wp\/v2\/comments?post=30061"}],"version-history":[{"count":1,"href":"http:\/\/www.apucarana.pr.gov.br\/site\/wp-json\/wp\/v2\/posts\/30061\/revisions"}],"predecessor-version":[{"id":99727,"href":"http:\/\/www.apucarana.pr.gov.br\/site\/wp-json\/wp\/v2\/posts\/30061\/revisions\/99727"}],"wp:featuredmedia":[{"embeddable":true,"href":"http:\/\/www.apucarana.pr.gov.br\/site\/wp-json\/"}],"wp:attachment":[{"href":"http:\/\/www.apucarana.pr.gov.br\/site\/wp-json\/wp\/v2\/media?parent=30061"}],"wp:term":[{"taxonomy":"category","embeddable":true,"href":"http:\/\/www.apucarana.pr.gov.br\/site\/wp-json\/wp\/v2\/categories?post=30061"},{"taxonomy":"post_tag","embeddable":true,"href":"http:\/\/www.apucarana.pr.gov.br\/site\/wp-json\/wp\/v2\/tags?post=30061"}],"curies":[{"name":"wp","href":"https:\/\/api.w.org\/{rel}","templated":true}]}}