{"id":30052,"date":"2020-02-27T14:36:26","date_gmt":"2020-02-27T17:36:26","guid":{"rendered":"http:\/\/172.16.0.7\/site-antigo\/?p=30052"},"modified":"2024-10-08T09:20:25","modified_gmt":"2024-10-08T12:20:25","slug":"municipio-investe-r-114-mil-na-compra-de-cursos-para-o-setor-industrial","status":"publish","type":"post","link":"http:\/\/www.apucarana.pr.gov.br\/site\/municipio-investe-r-114-mil-na-compra-de-cursos-para-o-setor-industrial\/","title":{"rendered":"Munic\u00edpio investe R$ 114 mil na compra de cursos para o setor industrial"},"content":{"rendered":"<p>A Prefeitura de Apucarana comprou 18 cursos junto ao Servi\u00e7o Nacional de Aprendizagem Industrial (Senai). O investimento \u00e9 de R$ 114.080,00 e visa a qualifica\u00e7\u00e3o profissional de trabalhadores do setor industrial. Ao todo, est\u00e3o sendo ofertadas gratuitamente 356 vagas para a popula\u00e7\u00e3o.<br \/>\nO an\u00fancio foi feito pelo prefeito Junior da Femac, em ato realizado no gabinete municipal e que contou com a presen\u00e7a do vereador Marcos da Vila Reis e do secret\u00e1rio municipal de Ind\u00fastria e Com\u00e9rcio, Edison Estrope.<br \/>\nAs inscri\u00e7\u00f5es estar\u00e3o abertas a partir de quarta-feira (04\/03) e dever\u00e3o ser feitas no Centro de Qualifica\u00e7\u00e3o Total, localizado na Rua Ouro Verde, no 300, no Jardim Am\u00e9rica, no per\u00edodo das 8 \u00e0s 17 horas.  As aulas de todos os cursos, no entanto, ser\u00e3o ministradas na unidade do Senai de Apucarana.<br \/>\nO prefeito Junior da Femac lembra que essa \u00e9 mais uma iniciativa na \u00e1rea de qualifica\u00e7\u00e3o profissional. \u201c\u00c9 uma a\u00e7\u00e3o constante, que iniciou na gest\u00e3o Beto Preto com o Pronatec e que estamos dando continuidade. At\u00e9 o momento, com as diversas parcerias com as entidades formadores, j\u00e1 capacitamos mais de 15 mil trabalhadores\u201d, reitera Junior da Femac.<br \/>\nO prefeito lembra que a compra de cursos \u00e9 uma pr\u00e1tica constante da administra\u00e7\u00e3o e que, no final do ano passado, o Munic\u00edpio j\u00e1 havia adquirido um lote de 14 cursos do Senac. \u201cAs aulas desses cursos, que atendem os trabalhadores do com\u00e9rcio, j\u00e1 est\u00e3o em andamento. Agora, estamos atendendo tamb\u00e9m os trabalhadores do setor industrial\u201d, refor\u00e7a.<br \/>\nJunior da Femac salienta que os cursos foram definidos ap\u00f3s di\u00e1logo com o sindicato que representa os industriais e com a Associa\u00e7\u00e3o, Comercial, Industrial e de Servi\u00e7os de Apucarana (Acia). \u201cMuitos dos cursos s\u00e3o in\u00e9ditos e foram definidos de acordo com as necessidades das ind\u00fastrias, visando aumentar a empregabilidade\u201d, ressalta.<br \/>\nEntre os cursos ofertados est\u00e3o dos de inspe\u00e7\u00e3o de qualidade de roupas, mec\u00e2nica automotiva b\u00e1sica para frentistas, instala\u00e7\u00e3o de painel solar, opera\u00e7\u00e3o de calandra, opera\u00e7\u00e3o de guindaste, opera\u00e7\u00e3o de torno computadorizado e eletricidade industrial, entre outros.<br \/>\nO secret\u00e1rio de Ind\u00fastria , Com\u00e9rcio e do Emprego, Edison Estrope, reitera que os cursos s\u00e3o gratuitos. \u201cO Munic\u00edpio est\u00e1 investindo R$ 114 mil, mas est\u00e1 ofertando as vagas gratuitamente para a popula\u00e7\u00e3o. A maioria dos cursos, se fosse feito no setor privado, teria custos elevados e muitas vezes longe do alcance dos trabalhadores\u201d, pondera Estrope.<br \/>\nA carga hor\u00e1ria dos cursos varia de 16 a 80 horas. Todas as aulas ser\u00e3o ministradas na unidade do Senai de Apucarana. \u201cCada curso tem as suas especificidades, por isso os pr\u00e9-requisitos variam tamb\u00e9m\u201d, observa Estrope, solicitando para que os interessados verifiquem todos os requisitos que ser\u00e3o disponibilizados no site da Prefeitura.<br \/>\nSaiba a carga hor\u00e1ria e todos os pr\u00e9-requisitos de cada curso <a href=\"http:\/\/www.apucarana.pr.gov.br\/site\/wp-content\/uploads\/2020\/02\/DETALHAMENTO-CURSOS-SENAI.docx\">neste link<\/a>.<br \/>\nQUADRO COMPLETO DE CURSOS E VAGAS<br \/>\n &#8211; Manuten\u00e7\u00e3o Mec\u00e2nica Industrial\t\t\t\t\t20 vagas<br \/>\n&#8211; Solda (aperfei\u00e7oamento)\t\t\t\t\t\t20 vagas<br \/>\n&#8211; Instala\u00e7\u00e3o de Painel Solar\t\t\t\t\t\t20 vagas<br \/>\n&#8211; Gest\u00e3o de Suprimentos e Distribui\u00e7\u00e3o\t\t\t\t        40 vagas<br \/>\n&#8211; Eletricidade Industrial (aperfei\u00e7oamento)\t\t\t\t20 vagas<br \/>\n&#8211; Hidr\u00e1ulica (aperfei\u00e7oamento)\t\t\t\t\t\t20 vagas<br \/>\n&#8211; Manuten\u00e7\u00e3o de M\u00e1quina de Costura Industrial\t\t\t        20 vagas<br \/>\n&#8211; Opera\u00e7\u00e3o de Torno Computadorizado \t\t\t\t        16 vagas<br \/>\n&#8211; Eletr\u00f4nica Aplicada\t\t\t\t\t\t\t20 vagas<br \/>\n&#8211; Mec\u00e2nica Automotiva B\u00e1sica para Frentistas\t\t\t        20 vagas<br \/>\n&#8211; Inspe\u00e7\u00e3o de Qualidade de Roupas\t\t\t\t\t20 vagas<br \/>\n&#8211; No\u00e7\u00f5es de Mec\u00e2nica de Motocicletas\t\t\t\t        20 vagas<br \/>\n&#8211; Opera\u00e7\u00e3o de Empilhadeira de Pequeno Porte \t\t\t        16 vagas<br \/>\n&#8211; Opera\u00e7\u00e3o de Retroescavadeira \t\t\t\t\t        16 vagas<br \/>\n&#8211; Opera\u00e7\u00e3o de P\u00e1 Carregadeira \t\t\t\t\t\t16 vagas<br \/>\n&#8211; Opera\u00e7\u00e3o de Guindauto \t\t\t\t\t\t16 vagas<br \/>\n&#8211; Operador de Calandra \t\t\t\t\t\t\t16 vagas<br \/>\n&#8211; Mec\u00e2nica B\u00e1sica de Ve\u00edculos Pesados\t\t\t\t        20 vagas<\/p>\n","protected":false},"excerpt":{"rendered":"<p>As inscri\u00e7\u00f5es estar\u00e3o abertas a partir de quarta-feira (04\/03) e dever\u00e3o ser feitas no Centro de Qualifica\u00e7\u00e3o Total (Foto: PMA)<\/p>\n","protected":false},"author":4,"featured_media":30054,"comment_status":"closed","ping_status":"open","sticky":false,"template":"","format":"standard","meta":{"footnotes":""},"categories":[24],"tags":[],"class_list":["post-30052","post","type-post","status-publish","format-standard","has-post-thumbnail","hentry","category-noticias"],"acf":[],"_links":{"self":[{"href":"http:\/\/www.apucarana.pr.gov.br\/site\/wp-json\/wp\/v2\/posts\/30052","targetHints":{"allow":["GET"]}}],"collection":[{"href":"http:\/\/www.apucarana.pr.gov.br\/site\/wp-json\/wp\/v2\/posts"}],"about":[{"href":"http:\/\/www.apucarana.pr.gov.br\/site\/wp-json\/wp\/v2\/types\/post"}],"author":[{"embeddable":true,"href":"http:\/\/www.apucarana.pr.gov.br\/site\/wp-json\/wp\/v2\/users\/4"}],"replies":[{"embeddable":true,"href":"http:\/\/www.apucarana.pr.gov.br\/site\/wp-json\/wp\/v2\/comments?post=30052"}],"version-history":[{"count":1,"href":"http:\/\/www.apucarana.pr.gov.br\/site\/wp-json\/wp\/v2\/posts\/30052\/revisions"}],"predecessor-version":[{"id":99728,"href":"http:\/\/www.apucarana.pr.gov.br\/site\/wp-json\/wp\/v2\/posts\/30052\/revisions\/99728"}],"wp:featuredmedia":[{"embeddable":true,"href":"http:\/\/www.apucarana.pr.gov.br\/site\/wp-json\/"}],"wp:attachment":[{"href":"http:\/\/www.apucarana.pr.gov.br\/site\/wp-json\/wp\/v2\/media?parent=30052"}],"wp:term":[{"taxonomy":"category","embeddable":true,"href":"http:\/\/www.apucarana.pr.gov.br\/site\/wp-json\/wp\/v2\/categories?post=30052"},{"taxonomy":"post_tag","embeddable":true,"href":"http:\/\/www.apucarana.pr.gov.br\/site\/wp-json\/wp\/v2\/tags?post=30052"}],"curies":[{"name":"wp","href":"https:\/\/api.w.org\/{rel}","templated":true}]}}