{"id":30047,"date":"2020-02-27T11:11:38","date_gmt":"2020-02-27T14:11:38","guid":{"rendered":"http:\/\/172.16.0.7\/site-antigo\/?p=30047"},"modified":"2024-10-08T09:20:25","modified_gmt":"2024-10-08T12:20:25","slug":"seguem-abertas-as-inscricoes-do-torneio-do-trabalhador","status":"publish","type":"post","link":"http:\/\/www.apucarana.pr.gov.br\/site\/seguem-abertas-as-inscricoes-do-torneio-do-trabalhador\/","title":{"rendered":"Seguem abertas as inscri\u00e7\u00f5es do Torneio do Trabalhador"},"content":{"rendered":"<p>As\u00a0inscri\u00e7\u00f5es para o Torneio do Trabalhador (Primeiro de Maio) de Futebol de Campo prosseguem at\u00e9 o dia 25 de mar\u00e7o e\u00a0podem ser feitas no site da Prefeitura (http:\/\/www.apucarana.pr.gov.br\/esporte).\u00a0A competi\u00e7\u00e3o neste ano acontecer\u00e1 nas categorias adulto (masculino), feminino e menores.<br \/>\nA secret\u00e1ria municipal de Esportes, Jossuela Pinheiro,\u00a0afirma que o\u00a0congresso t\u00e9cnico do torneio na categoria adulto masculino ser\u00e1 no dia 2 de abril, \u00e0s 19 horas, no Centro da Juventude Alex Mazaron, na Rua Piratininga, 464, no Jardim Diamantina. J\u00e1 o congresso pelas categorias feminina e menores, ocorre no dia 3 de abril, no mesmo hor\u00e1rio e local.<br \/>\nA categoria adulto (masculino) \u00e9 aberta para nascidos at\u00e9 2003 e a feminino \u00e9 livre. As categorias menores s\u00e3o: sub-12 (nascidos em 2008 a 2010); sub-14 (nascidos em 2006 e 2007); e sub-16 (nascidos em 2004 a 2005).<br \/>\nAs datas dos confrontos ser\u00e3o informadas durante o congresso t\u00e9cnico nos dias 2 e 3 de abril.<br \/>\nNo Torneio do Trabalhador de 2019 as partidas ocorreram no Centro Esportivo Hairton Santos (antigo Jos\u00e9 Rico) e nos campos da T\u00eaxtil e da UTFPR. Na categoria adulto participaram 47 equipes.<br \/>\nO time do Jardim Ponta Grossa, que j\u00e1 garantiu presen\u00e7a em 2020, conquistou o t\u00edtulo e o Tancredo Neves foi o segundo colocado. A equipe dos Amigos do Serginho ficou em terceiro lugar e a Konnan Bon\u00e9s obteve a quarta posi\u00e7\u00e3o.<br \/>\nMais informa\u00e7\u00f5es do torneio podem ser obtidas na Secretaria Municipal de Esportes, anexa ao Centro da Juventude Alex Mazaron, ou pelo telefone 3422-5184<\/p>\n","protected":false},"excerpt":{"rendered":"<p> A competi\u00e7\u00e3o neste ano acontecer\u00e1 nas categorias adulto (masculino), feminino e menores.<\/p>\n","protected":false},"author":4,"featured_media":30048,"comment_status":"closed","ping_status":"open","sticky":false,"template":"","format":"standard","meta":{"footnotes":""},"categories":[24],"tags":[],"class_list":["post-30047","post","type-post","status-publish","format-standard","has-post-thumbnail","hentry","category-noticias"],"acf":[],"_links":{"self":[{"href":"http:\/\/www.apucarana.pr.gov.br\/site\/wp-json\/wp\/v2\/posts\/30047","targetHints":{"allow":["GET"]}}],"collection":[{"href":"http:\/\/www.apucarana.pr.gov.br\/site\/wp-json\/wp\/v2\/posts"}],"about":[{"href":"http:\/\/www.apucarana.pr.gov.br\/site\/wp-json\/wp\/v2\/types\/post"}],"author":[{"embeddable":true,"href":"http:\/\/www.apucarana.pr.gov.br\/site\/wp-json\/wp\/v2\/users\/4"}],"replies":[{"embeddable":true,"href":"http:\/\/www.apucarana.pr.gov.br\/site\/wp-json\/wp\/v2\/comments?post=30047"}],"version-history":[{"count":1,"href":"http:\/\/www.apucarana.pr.gov.br\/site\/wp-json\/wp\/v2\/posts\/30047\/revisions"}],"predecessor-version":[{"id":99729,"href":"http:\/\/www.apucarana.pr.gov.br\/site\/wp-json\/wp\/v2\/posts\/30047\/revisions\/99729"}],"wp:featuredmedia":[{"embeddable":true,"href":"http:\/\/www.apucarana.pr.gov.br\/site\/wp-json\/"}],"wp:attachment":[{"href":"http:\/\/www.apucarana.pr.gov.br\/site\/wp-json\/wp\/v2\/media?parent=30047"}],"wp:term":[{"taxonomy":"category","embeddable":true,"href":"http:\/\/www.apucarana.pr.gov.br\/site\/wp-json\/wp\/v2\/categories?post=30047"},{"taxonomy":"post_tag","embeddable":true,"href":"http:\/\/www.apucarana.pr.gov.br\/site\/wp-json\/wp\/v2\/tags?post=30047"}],"curies":[{"name":"wp","href":"https:\/\/api.w.org\/{rel}","templated":true}]}}