{"id":30036,"date":"2020-02-26T18:07:37","date_gmt":"2020-02-26T21:07:37","guid":{"rendered":"http:\/\/172.16.0.7\/site-antigo\/?p=30036"},"modified":"2024-10-08T09:20:26","modified_gmt":"2024-10-08T12:20:26","slug":"em-um-ano-avicultura-de-apucarana-tem-crescimento-de-9","status":"publish","type":"post","link":"http:\/\/www.apucarana.pr.gov.br\/site\/em-um-ano-avicultura-de-apucarana-tem-crescimento-de-9\/","title":{"rendered":"Em um ano, avicultura de Apucarana tem crescimento de 9%"},"content":{"rendered":"<p>A avicultura de Apucarana continua em ritmo de expans\u00e3o. No per\u00edodo de um ano, o n\u00famero de frangos encaminhado para abates cresceu 9%. Em 2018, os avi\u00e1rios instalados no munic\u00edpio enviaram para os frigor\u00edficos integrados 15.710.110 frangos, n\u00famero que subiu para  17 milh\u00f5es e 100 mil no ano passado.<br \/>\nOs dados fazem parte de um levantamento preliminar fornecido pelo Departamento de Economia Rural (Deral), da Secretaria de Estado da Agricultura e Abastecimento (Seab), e dever\u00e3o ser confirmados durante o m\u00eas de mar\u00e7o, quando acontecer\u00e1 a divulga\u00e7\u00e3o oficial dos dados.<br \/>\nO prefeito de Apucarana, Junior da Femac, afirma que o setor apresenta um crescimento extraordin\u00e1rio, a partir de 2014. \u201cO Valor Bruto da Produ\u00e7\u00e3o (VBP) gerado pela produ\u00e7\u00e3o de frango de corte praticamente dobrou, passando dos R$ 85 milh\u00f5es em 2013 para os atuais R$ 148 milh\u00f5es. Isso mostra que a atividade se consolidou como uma alternativa de diversifica\u00e7\u00e3o da propriedade rural\u201d, frisa Junior da Femac.<br \/>\nO prefeito lembra que o setor foi alavancado ap\u00f3s a geada de 2013 que dizimou grande parte dos cafezais \u201cNaquela \u00e9poca, a gest\u00e3o Beto Preto come\u00e7ou a colocar em pr\u00e1tica a\u00e7\u00f5es de diversifica\u00e7\u00e3o das propriedades rurais. Foram adotados dois caminhos principais: o incentivo da fruticultura com o Programa Terra Forte e o apoio \u00e0 avicultura\u201d, pontua.<br \/>\nO prefeito afirma que s\u00e3o duas atividades que n\u00e3o exigem grandes extens\u00f5es de terra. \u201cNuma pequena \u00e1rea, o produtor pode ter um barrac\u00e3o de frango. O mesmo acontece com o programa de fruticultura, no qual j\u00e1 distribu\u00edmos dez tipos de mudas, al\u00e9m do fosfato e do calc\u00e1rio, e o pagamento dos insumos \u00e9 feito posteriormente, com a entrega de parte da produ\u00e7\u00e3o para a merenda escolar\u201d, reitera o prefeito.<br \/>\nAtualmente, Apucarana conta com 125 propriedades que se dedicam \u00e0 avicultura. \u201cS\u00e3o produtores independentes, fam\u00edlias e empresas que est\u00e3o nesta atividade. Isso gera empregos, desenvolvimento da economia, aumento do Valor Bruto da Produ\u00e7\u00e3o e garante a diversifica\u00e7\u00e3o das propriedades\u201d, avalia Junior da Femac, informando que, em 2013, a avicultura representava 35% do VBP de Apucarana, fatia que hoje j\u00e1 supera os 46%.<br \/>\nOs barrac\u00f5es instalados somam uma \u00e1rea constru\u00edda de 25 hectares. \u201cIsso est\u00e1 movimentando toda uma cadeia, passando pelo fornecimento de insumos e fortalecendo tamb\u00e9m a constru\u00e7\u00e3o civil. Temos, inclusive, f\u00e1bricas de equipamentos para avi\u00e1rios em Apucarana e que atendem as granjas instaladas no munic\u00edpio\u201d, observa Junior da Femac.<br \/>\nPERSPECTIVAS OTIMISTAS &#8211;  Mais produtores est\u00e3o aderindo \u00e0 atividade e empresas est\u00e3o construindo grandes estruturas. Com isso, para os pr\u00f3ximos dois anos, a proje\u00e7\u00e3o \u00e9 que a avicultura cres\u00e7a em torno de 30%.<br \/>\nSomente a empresa do setor de agroneg\u00f3cio Borges &#038; Rossa, com matriz na cidade de Capinzal, em Santa Catarina, est\u00e1 investindo R$ 20 milh\u00f5es no Distrito de Caixa S\u00e3o Pedro. \u201cNa primeira etapa, que entrar\u00e1 em opera\u00e7\u00e3o no m\u00eas de abril, est\u00e3o sendo instalados 16 avi\u00e1rios. Apenas com este empreendimento, ser\u00e3o mais 4 milh\u00f5es de aves por ano. Daqui a dois anos, quando a empresa finalizar\u00e1 a instala\u00e7\u00e3o de todos os 28 avi\u00e1rios, o empreendimento estar\u00e1 entregando para abate cerca de 7 milh\u00f5es de aves\u201d, informa Junior da Femac,<br \/>\nCLIMA E LOG\u00cdSTICA FAVOR\u00c1VEIS \u2013 O secret\u00e1rio municipal de Agricultura, Jos\u00e9 Luiz Porto, afirma que Apucarana tem alguns diferenciais para o desenvolvimento da avicultura. \u201cA posi\u00e7\u00e3o geogr\u00e1fica facilita a log\u00edstica, pois estamos pr\u00f3ximos de v\u00e1rios frigor\u00edficos que fazem o abate. Al\u00e9m disso, Apucarana tem um clima favor\u00e1vel. Faz um pouco mais de frio e com isso se consome menos energia para resfriar os barrac\u00f5es\u201d, avalia.<br \/>\nEntre os incentivos dados pela Prefeitura, Porto cita a distribui\u00e7\u00e3o de mudas de san\u00e7\u00e3o do campo. \u201cA planta \u00e9 utilizada como cerca viva para isolar os barrac\u00f5es, protegendo contra ventos que muitas vezes trazem doen\u00e7as e tamb\u00e9m contra animais. Todos os cuidados devem ser tomados e s\u00e3o uma exig\u00eancia do mercado, pois o ciclo de engorda \u00e9 muito r\u00e1pido, variando de 38 a 46 dias\u201d, observa Porto. <\/p>\n","protected":false},"excerpt":{"rendered":"<p>Os dados fazem parte de um levantamento preliminar fornecido pelo Departamento de Economia Rural (Deral), da Secretaria de Estado da Agricultura e Abastecimento (Seab) (Foto: PMA)<\/p>\n","protected":false},"author":4,"featured_media":30037,"comment_status":"closed","ping_status":"open","sticky":false,"template":"","format":"standard","meta":{"footnotes":""},"categories":[24],"tags":[],"class_list":["post-30036","post","type-post","status-publish","format-standard","has-post-thumbnail","hentry","category-noticias"],"acf":[],"_links":{"self":[{"href":"http:\/\/www.apucarana.pr.gov.br\/site\/wp-json\/wp\/v2\/posts\/30036","targetHints":{"allow":["GET"]}}],"collection":[{"href":"http:\/\/www.apucarana.pr.gov.br\/site\/wp-json\/wp\/v2\/posts"}],"about":[{"href":"http:\/\/www.apucarana.pr.gov.br\/site\/wp-json\/wp\/v2\/types\/post"}],"author":[{"embeddable":true,"href":"http:\/\/www.apucarana.pr.gov.br\/site\/wp-json\/wp\/v2\/users\/4"}],"replies":[{"embeddable":true,"href":"http:\/\/www.apucarana.pr.gov.br\/site\/wp-json\/wp\/v2\/comments?post=30036"}],"version-history":[{"count":1,"href":"http:\/\/www.apucarana.pr.gov.br\/site\/wp-json\/wp\/v2\/posts\/30036\/revisions"}],"predecessor-version":[{"id":99730,"href":"http:\/\/www.apucarana.pr.gov.br\/site\/wp-json\/wp\/v2\/posts\/30036\/revisions\/99730"}],"wp:featuredmedia":[{"embeddable":true,"href":"http:\/\/www.apucarana.pr.gov.br\/site\/wp-json\/"}],"wp:attachment":[{"href":"http:\/\/www.apucarana.pr.gov.br\/site\/wp-json\/wp\/v2\/media?parent=30036"}],"wp:term":[{"taxonomy":"category","embeddable":true,"href":"http:\/\/www.apucarana.pr.gov.br\/site\/wp-json\/wp\/v2\/categories?post=30036"},{"taxonomy":"post_tag","embeddable":true,"href":"http:\/\/www.apucarana.pr.gov.br\/site\/wp-json\/wp\/v2\/tags?post=30036"}],"curies":[{"name":"wp","href":"https:\/\/api.w.org\/{rel}","templated":true}]}}