{"id":30026,"date":"2020-02-26T16:44:29","date_gmt":"2020-02-26T19:44:29","guid":{"rendered":"http:\/\/172.16.0.7\/site-antigo\/?p=30026"},"modified":"2024-10-08T09:20:26","modified_gmt":"2024-10-08T12:20:26","slug":"prefeitura-faz-prestacao-de-contas-em-apucarana","status":"publish","type":"post","link":"http:\/\/www.apucarana.pr.gov.br\/site\/prefeitura-faz-prestacao-de-contas-em-apucarana\/","title":{"rendered":"Mesmo pagando R$20 milh\u00f5es em d\u00edvidas, Apucarana cumpre \u00edndices e mant\u00e9m disponibilidade de caixa em 2019"},"content":{"rendered":"<p>Com uma receita corrente l\u00edquida de R$ 349.893.096,66, ao longo de 2019 a Prefeitura de Apucarana aplicou 26,81% do or\u00e7amento em Educa\u00e7\u00e3o (m\u00ednimo de 25%) e 21,74% em Sa\u00fade (m\u00ednimo de 15%). No Fundeb &#8211; O Fundo de Manuten\u00e7\u00e3o e Desenvolvimento da Educa\u00e7\u00e3o B\u00e1sica e de Valoriza\u00e7\u00e3o dos Profissionais da Educa\u00e7\u00e3o, o \u00edndice aplicado foi na ordem de 80,42% (m\u00ednimo de 60%). Os montantes s\u00e3o superiores aos \u00edndices m\u00ednimos estabelecidos pela Constitui\u00e7\u00e3o Federal e contribu\u00edram para um melhor atendimento da popula\u00e7\u00e3o nos respectivos setores.<br \/>\nO balan\u00e7o cont\u00e1bil e as a\u00e7\u00f5es administrativas ao longo do per\u00edodo foram revelados nesta quarta-feira (26\/02) pela secret\u00e1ria Municipal da Fazenda, Sueli Pereira, durante audi\u00eancia p\u00fablica de presta\u00e7\u00e3o de contas do \u00faltimo quadrimestre (setembro a dezembro), realizada no plen\u00e1rio da C\u00e2mara de Vereadores. O prefeito J\u00fanior da Femac relata que os investimentos poderiam ter sido ainda maiores, n\u00e3o fosse a obriga\u00e7\u00e3o com o pagamento de d\u00edvidas herdadas de outras administra\u00e7\u00f5es que, ao longo de 2019, contabilizaram gastos de mais de R$15 milh\u00f5es.<br \/>\n\u201cNenhum centavo desta d\u00edvida foi feita pelo ex-prefeito Beto Preto e nem por mim. Trata-se de uma heran\u00e7a ruim que prejudica a todos os apucaranenses. Imagine o que poder\u00edamos ter feito com mais R$15 milh\u00f5es em caixa, certamente mais obras, pol\u00edticas p\u00fablicas e investimentos em \u00e1reas como a Sa\u00fade e Educa\u00e7\u00e3o\u201d, disse o prefeito. \u201cFelizmente, hoje Apucarana vive uma outra fase. A partir da gest\u00e3o Beto Preto, com uma gest\u00e3o austera e de respeito pelo dinheiro da popula\u00e7\u00e3o, tudo \u00e9 investido de forma transparente e respons\u00e1vel em a\u00e7\u00f5es bem planejadas Honramos todos os compromissos com nossos fornecedores, valorizamos e pagamos todos os direitos a nossos servidores municipais\u201d, afirmou J\u00fanior da Femac.<br \/>\nOs detalhes cont\u00e1beis de 2019 foram apresentados em um tel\u00e3o multim\u00eddia e acompanhados por nove dos 11 vereadores. \u201cSomente com o pagamento de d\u00edvidas precat\u00f3rias foram gastos R$15.056.672,53, sendo R$5.025.627,70 no primeiro quadrimestre, R$5.118.685,24 no segundo e R$4.912.359,59 no terceiro quadrimestre\u201d, confirmou Sueli Pereira, secret\u00e1ria Municipal da Fazenda. Se forem contabilizados os valores referentes \u00e0 Amortiza\u00e7\u00e3o da D\u00edvida P\u00fablica, que envolvem os \u201cJuros sobre a D\u00edvida\u201d e \u201cPrincipal da D\u00edvida Contratual Resgatado\u201d, o montante se aproxima dos R$20 milh\u00f5es. Mesmo assim, informa Sueli, a disponibilidade de caixa da prefeitura em 31 de dezembro era de R$54.165.922,18.<br \/>\nAs principais receitas do \u00faltimo quadrimestre foram o Repasse Fundo a Fundo Sa\u00fade com R$24.767.671,38; FUNDEB com R$18.017.124,63; ICMS com R$16.543.233,16; FPM com R$17.938.639,73; IPTU com R$4.420.397,73 e IPVA com R$1.802.063,91. Destaque ainda para a arrecada\u00e7\u00e3o com o IPTU, que ultrapassou em 21,37% a previs\u00e3o. Dos 17 milh\u00f5es previstos, entraram nos cofres municipais R$20.633.354,79.<br \/>\nTendo como base a RCL, o gasto com pessoal fechou 2019 em 42,42%. \u201cPatamar bem abaixo do limite de alerta (48,6%), limite prudencial (51,3%) e limite m\u00e1ximo (54%)\u201d, detalhou a secret\u00e1ria.<br \/>\nO repasse previsto para a C\u00e2mara de Vereadores a t\u00edtulo de duod\u00e9cimo foi 4,32% menor do previsto. \u201cDos R$12.005.015,40 anotados na previs\u00e3o, R$11.486.732,52 foram repassados, sendo R$3,5 milh\u00f5es devolvidos ao final do ano ao Executivo Municipal\u201d, informou Sueli Pereira, secret\u00e1ria da Fazenda.<br \/>\nDurante a presta\u00e7\u00e3o de contas, a secret\u00e1ria da Fazenda Sueli Pereira tornou p\u00fablico ainda n\u00fameros relativos \u00e0 presta\u00e7\u00e3o de contas na \u00e1rea da Crian\u00e7a e Adolescente e realizou um resumo das atividades e procedimentos da Autarquia Municipal de Sa\u00fade (AMS). O momento contou com a presen\u00e7a dos vereadores Luciano Molina (presidente), Marcos da Vila Reis, Franciley Poim, Mauro Bertoli, Gentil Pereira, Edson Freitas, Ant\u00f4nio Sidrin, Rodolfo Mota e M\u00e1rcia Sousa.<\/p>\n","protected":false},"excerpt":{"rendered":"<p>O balan\u00e7o cont\u00e1bil e as a\u00e7\u00f5es administrativas ao longo do ano passado foram revelados nesta durante audi\u00eancia p\u00fablica de presta\u00e7\u00e3o de contas do \u00faltimo quadrimestre de 2019<\/p>\n","protected":false},"author":4,"featured_media":30029,"comment_status":"closed","ping_status":"open","sticky":false,"template":"","format":"standard","meta":{"footnotes":""},"categories":[24],"tags":[],"class_list":["post-30026","post","type-post","status-publish","format-standard","has-post-thumbnail","hentry","category-noticias"],"acf":[],"_links":{"self":[{"href":"http:\/\/www.apucarana.pr.gov.br\/site\/wp-json\/wp\/v2\/posts\/30026","targetHints":{"allow":["GET"]}}],"collection":[{"href":"http:\/\/www.apucarana.pr.gov.br\/site\/wp-json\/wp\/v2\/posts"}],"about":[{"href":"http:\/\/www.apucarana.pr.gov.br\/site\/wp-json\/wp\/v2\/types\/post"}],"author":[{"embeddable":true,"href":"http:\/\/www.apucarana.pr.gov.br\/site\/wp-json\/wp\/v2\/users\/4"}],"replies":[{"embeddable":true,"href":"http:\/\/www.apucarana.pr.gov.br\/site\/wp-json\/wp\/v2\/comments?post=30026"}],"version-history":[{"count":1,"href":"http:\/\/www.apucarana.pr.gov.br\/site\/wp-json\/wp\/v2\/posts\/30026\/revisions"}],"predecessor-version":[{"id":99731,"href":"http:\/\/www.apucarana.pr.gov.br\/site\/wp-json\/wp\/v2\/posts\/30026\/revisions\/99731"}],"wp:featuredmedia":[{"embeddable":true,"href":"http:\/\/www.apucarana.pr.gov.br\/site\/wp-json\/"}],"wp:attachment":[{"href":"http:\/\/www.apucarana.pr.gov.br\/site\/wp-json\/wp\/v2\/media?parent=30026"}],"wp:term":[{"taxonomy":"category","embeddable":true,"href":"http:\/\/www.apucarana.pr.gov.br\/site\/wp-json\/wp\/v2\/categories?post=30026"},{"taxonomy":"post_tag","embeddable":true,"href":"http:\/\/www.apucarana.pr.gov.br\/site\/wp-json\/wp\/v2\/tags?post=30026"}],"curies":[{"name":"wp","href":"https:\/\/api.w.org\/{rel}","templated":true}]}}