{"id":30021,"date":"2020-02-26T16:30:32","date_gmt":"2020-02-26T19:30:32","guid":{"rendered":"http:\/\/172.16.0.7\/site-antigo\/?p=30021"},"modified":"2024-10-08T09:20:26","modified_gmt":"2024-10-08T12:20:26","slug":"prefeitura-investe-r-107-mil-em-botao-do-panico","status":"publish","type":"post","link":"http:\/\/www.apucarana.pr.gov.br\/site\/prefeitura-investe-r-107-mil-em-botao-do-panico\/","title":{"rendered":"Prefeitura investe R$ 107 mil em Bot\u00e3o do P\u00e2nico"},"content":{"rendered":"<p>A Prefeitura de Apucarana, por meio da secretaria da Mulher e Assuntos da Fam\u00edlia, est\u00e1 investindo R$ 107 mil de recursos pr\u00f3prios na renova\u00e7\u00e3o do conv\u00eanio com a empresa prestadora de servi\u00e7os, vencedora de processo licitat\u00f3rio, que fornece, ao munic\u00edpio, o bot\u00e3o do p\u00e2nico. \u201cO trabalho de enfrentamento \u00e0 viol\u00eancia dom\u00e9stica \u00e9 important\u00edssimo e, por isso, investimos na continuidade deste servi\u00e7o, que protege a mulher e inibe o agressor\u201d, disse o prefeito J\u00fanior da Femac. \u201cQueremos deixar claro que em nossa cidade a mulher deve se sentir segura, porque dispomos e oferecemos meios para proteg\u00ea-la\u201d, afirmou.<br \/>\nO dispositivo de seguran\u00e7a preventiva \u2013 bot\u00e3o do p\u00e2nico \u00e9 fornecido \u00e0s mulheres que t\u00eam medidas protetivas de urg\u00eancia. Uma vez apertado, o bot\u00e3o aciona imediatamente uma viatura, que se dirige ao local. O dispositivo tamb\u00e9m faz a capta\u00e7\u00e3o, transmiss\u00e3o e grava\u00e7\u00e3o do \u00e1udio ambiente.<br \/>\nA secret\u00e1ria da Mulher, Denise Canesin, explica que o bot\u00e3o do p\u00e2nico \u00e9 uma parceria entre a Prefeitura, por meio do Centro de Atendimento \u00e0 Mulher (CAM), bra\u00e7o da secretaria da Mulher, da Guarda Municipal com a Patrulha Maria da Penha, do Poder Judici\u00e1rio, representado pelas varas criminais a cargo dos ju\u00edzes Oswaldo Soares Neto e Jos\u00e9 Roberto Silv\u00e9rio, e da Delegacia da Mulher. \u201cTemos um resultado muito positivo desse trabalho em conjunto para a prote\u00e7\u00e3o da mulher em situa\u00e7\u00e3o de viol\u00eancia. Agora, com a renova\u00e7\u00e3o do conv\u00eanio, poderemos continuar a prestar esse servi\u00e7o\u201d, revelou.<br \/>\n<strong>Somat\u00f3ria<\/strong> &#8211; Apucarana foi uma das primeiras cidades do Paran\u00e1 a implantar o bot\u00e3o do p\u00e2nico. Profissionais das 1\u00aa e 2\u00aa Varas Criminais, do Minist\u00e9rio P\u00fablico, da Delegacia da Mulher, da 17\u00aa Subdivis\u00e3o Policial e da Guarda Municipal, assim como do CAM, foram capacitados em abril do ano passado para lidar com a nova ferramenta. Com isso, Apucarana passou a oferecer, al\u00e9m de atendimento social, jur\u00eddico e psicol\u00f3gico, o dispositivo de seguran\u00e7a.<br \/>\n&nbsp;<br \/>\n&nbsp;<br \/>\n&nbsp;<\/p>\n","protected":false},"excerpt":{"rendered":"<p>Continuidade dos servi\u00e7os do dispositivo de seguran\u00e7a preventiva \u00e9 assegurada com renova\u00e7\u00e3o de conv\u00eanio<\/p>\n","protected":false},"author":4,"featured_media":30022,"comment_status":"closed","ping_status":"open","sticky":false,"template":"","format":"standard","meta":{"footnotes":""},"categories":[24],"tags":[],"class_list":["post-30021","post","type-post","status-publish","format-standard","has-post-thumbnail","hentry","category-noticias"],"acf":[],"_links":{"self":[{"href":"http:\/\/www.apucarana.pr.gov.br\/site\/wp-json\/wp\/v2\/posts\/30021","targetHints":{"allow":["GET"]}}],"collection":[{"href":"http:\/\/www.apucarana.pr.gov.br\/site\/wp-json\/wp\/v2\/posts"}],"about":[{"href":"http:\/\/www.apucarana.pr.gov.br\/site\/wp-json\/wp\/v2\/types\/post"}],"author":[{"embeddable":true,"href":"http:\/\/www.apucarana.pr.gov.br\/site\/wp-json\/wp\/v2\/users\/4"}],"replies":[{"embeddable":true,"href":"http:\/\/www.apucarana.pr.gov.br\/site\/wp-json\/wp\/v2\/comments?post=30021"}],"version-history":[{"count":1,"href":"http:\/\/www.apucarana.pr.gov.br\/site\/wp-json\/wp\/v2\/posts\/30021\/revisions"}],"predecessor-version":[{"id":99732,"href":"http:\/\/www.apucarana.pr.gov.br\/site\/wp-json\/wp\/v2\/posts\/30021\/revisions\/99732"}],"wp:featuredmedia":[{"embeddable":true,"href":"http:\/\/www.apucarana.pr.gov.br\/site\/wp-json\/"}],"wp:attachment":[{"href":"http:\/\/www.apucarana.pr.gov.br\/site\/wp-json\/wp\/v2\/media?parent=30021"}],"wp:term":[{"taxonomy":"category","embeddable":true,"href":"http:\/\/www.apucarana.pr.gov.br\/site\/wp-json\/wp\/v2\/categories?post=30021"},{"taxonomy":"post_tag","embeddable":true,"href":"http:\/\/www.apucarana.pr.gov.br\/site\/wp-json\/wp\/v2\/tags?post=30021"}],"curies":[{"name":"wp","href":"https:\/\/api.w.org\/{rel}","templated":true}]}}