{"id":30006,"date":"2020-02-21T19:09:18","date_gmt":"2020-02-21T22:09:18","guid":{"rendered":"http:\/\/172.16.0.7\/site-antigo\/?p=30006"},"modified":"2024-10-08T09:20:26","modified_gmt":"2024-10-08T12:20:26","slug":"economia-solidaria-forma-nova-turma-de-empreendedoras","status":"publish","type":"post","link":"http:\/\/www.apucarana.pr.gov.br\/site\/economia-solidaria-forma-nova-turma-de-empreendedoras\/","title":{"rendered":"Economia Solid\u00e1ria forma nova turma de empreendedoras"},"content":{"rendered":"<p>O Programa de Economia Solid\u00e1ria, da secretaria da Mulher e Assuntos da Fam\u00edlia (Semaf), formou, nesta sexta-feira (21\/02), mais 38 empreendedoras e empreendedores econ\u00f4mico-solid\u00e1rios, na 38\u00aa turma de capacita\u00e7\u00e3o, a primeira de 2020. Todos receberam, no Polo UAB, o certificado de conclus\u00e3o do curso de 20 horas \u2013 e, com ele, o passaporte para integrar a Rede de Mulheres Solid\u00e1rias, que hoje abrange 933 mulheres e tem 13 pontos de comercializa\u00e7\u00e3o distribu\u00eddos por Apucarana.<br \/>\nO prefeito J\u00fanior da Femac esteve na formatura. Ele destacou que os presentes queriam ser donos da pr\u00f3pria vida, usando o talento que tinham. \u201cNosso papel \u00e9 dar condi\u00e7\u00f5es para que esses talentos flores\u00e7am, e isso significa ter pontos de comercializa\u00e7\u00e3o, escola, curso, forma\u00e7\u00e3o. Mas, sobretudo, apoio m\u00fatuo, contar uns com os outros. \u00c9 isso que nossa gest\u00e3o vem fazendo, desde 2013\u201d, disse. O prefeito afirmou ainda que a economia solid\u00e1ria ter\u00e1 novos pontos de venda no Parque da Raposa e na Pra\u00e7a Mau\u00e1.<br \/>\nA superintendente da Semaf, Bete Berton, ressaltou que o curso \u00e9 apenas a primeira etapa na forma\u00e7\u00e3o das futuras empreendedoras econ\u00f4mico-solid\u00e1rias. \u201cTemos ainda uma jornada pela frente, de aperfei\u00e7oamento constante de conhecimentos. Precisamos trabalhar conceitos de marketing, de precifica\u00e7\u00e3o, de rede de contatos.\u201d<br \/>\nAo longo dos cinco dias do curso ministrado pela superintendente da Semaf, \u00a0os alunos receberam duas convidadas: a professora Tania Rissa, da Unespar, que falou sobre educa\u00e7\u00e3o financeira, e a agente de endemias da Autarquia Municipal de Sa\u00fade Maura Fernandes, que discorreu sobre a situa\u00e7\u00e3o da dengue em toda a regi\u00e3o e ensinou como se prevenir da doen\u00e7a.<br \/>\n<strong>Capazes <\/strong>A lavradora Luzinete Mendes, uma das concluintes, declarou ter gostado muito do curso. \u201cAchei maravilhoso, aprendi muita coisa, a professora explica muito bem.Todos os dias que fiquei aqui aprendi uma coisa nova.\u201d Ela quer comercializar as frutas, verduras e hortali\u00e7as que planta em sua ch\u00e1cara e disse estar muito esperan\u00e7osa que a economia solid\u00e1ria abra portas para ela.<br \/>\nA confeiteira Francielle Ferreira Mendes concorda com Luzinete. \u201cO curso foi excelente, tanto no conte\u00fado como na forma de passar o conhecimento. Al\u00e9m disso, agrega pessoas e mostra que todo mundo \u00e9 capaz de trabalhar com o pr\u00f3prio dom. O curso abre a mente e tamb\u00e9m mostra que a mulher \u00e9 capaz de fazer um trabalho de qualidade e ajudar a renda da fam\u00edlia. Recomendo, com certeza\u201d, disse. Tayn\u00e1 de Oliveira Romanczak, estudante de administra\u00e7\u00e3o de empresas, gostou igualmente da capacita\u00e7\u00e3o. \u201cO foco no empreendedorismo foi muito interessante. Tamb\u00e9m aprendi sobre a autogest\u00e3o e o foco no grupo\u201d, declarou.<br \/>\nDenise Canesin, secret\u00e1ria da Mulher, salientou a equidade entre os g\u00eaneros. Disse que, por tr\u00e1s do protagonismo feminino e gera\u00e7\u00e3o de renda, est\u00e1 uma pol\u00edtica p\u00fablica \u201cem que homens e mulheres tenham o mesmo valor, desnaturalizando as diferen\u00e7as que costumam haver entre eles.\u201d<br \/>\n<strong>Conceitos\u00a0<\/strong> Os empreendimentos econ\u00f4mico-solid\u00e1rios abrangem \u00e1reas\u00a0como artesanato, confec\u00e7\u00e3o, beleza e est\u00e9tica, gastronomia, plantas medicinais e ornamentais, e ainda produ\u00e7\u00e3o org\u00e2nica de hortifrutis. Os conceitos-chave da Economia Solid\u00e1ria s\u00e3o autogest\u00e3o, coopera\u00e7\u00e3o, solidariedade, sustentabilidade e viabilidade econ\u00f4mica. Atualmente, os produtos disp\u00f5em de 12 espa\u00e7os de comercializa\u00e7\u00e3o na cidade.<br \/>\n<strong>Servi\u00e7o\u00a0<\/strong>Quem estiver interessado em participar da pr\u00f3xima capacita\u00e7\u00e3o da Economia Solid\u00e1ria deve ir ao Espa\u00e7o Mulher, na Rua Oswaldo Cruz, 432, ao lado da Casa da Gestante.<\/p>\n","protected":false},"excerpt":{"rendered":"<p>Programa de protagonismo feminino e gera\u00e7\u00e3o de renda conclui capacita\u00e7\u00e3o para mais 38 pessoas<\/p>\n","protected":false},"author":4,"featured_media":30010,"comment_status":"closed","ping_status":"open","sticky":false,"template":"","format":"standard","meta":{"footnotes":""},"categories":[24],"tags":[],"class_list":["post-30006","post","type-post","status-publish","format-standard","has-post-thumbnail","hentry","category-noticias"],"acf":[],"_links":{"self":[{"href":"http:\/\/www.apucarana.pr.gov.br\/site\/wp-json\/wp\/v2\/posts\/30006","targetHints":{"allow":["GET"]}}],"collection":[{"href":"http:\/\/www.apucarana.pr.gov.br\/site\/wp-json\/wp\/v2\/posts"}],"about":[{"href":"http:\/\/www.apucarana.pr.gov.br\/site\/wp-json\/wp\/v2\/types\/post"}],"author":[{"embeddable":true,"href":"http:\/\/www.apucarana.pr.gov.br\/site\/wp-json\/wp\/v2\/users\/4"}],"replies":[{"embeddable":true,"href":"http:\/\/www.apucarana.pr.gov.br\/site\/wp-json\/wp\/v2\/comments?post=30006"}],"version-history":[{"count":1,"href":"http:\/\/www.apucarana.pr.gov.br\/site\/wp-json\/wp\/v2\/posts\/30006\/revisions"}],"predecessor-version":[{"id":99733,"href":"http:\/\/www.apucarana.pr.gov.br\/site\/wp-json\/wp\/v2\/posts\/30006\/revisions\/99733"}],"wp:featuredmedia":[{"embeddable":true,"href":"http:\/\/www.apucarana.pr.gov.br\/site\/wp-json\/"}],"wp:attachment":[{"href":"http:\/\/www.apucarana.pr.gov.br\/site\/wp-json\/wp\/v2\/media?parent=30006"}],"wp:term":[{"taxonomy":"category","embeddable":true,"href":"http:\/\/www.apucarana.pr.gov.br\/site\/wp-json\/wp\/v2\/categories?post=30006"},{"taxonomy":"post_tag","embeddable":true,"href":"http:\/\/www.apucarana.pr.gov.br\/site\/wp-json\/wp\/v2\/tags?post=30006"}],"curies":[{"name":"wp","href":"https:\/\/api.w.org\/{rel}","templated":true}]}}