{"id":29999,"date":"2020-02-21T17:47:18","date_gmt":"2020-02-21T20:47:18","guid":{"rendered":"http:\/\/172.16.0.7\/site-antigo\/?p=29999"},"modified":"2024-10-08T09:20:26","modified_gmt":"2024-10-08T12:20:26","slug":"transito-de-apucarana-ganha-novas-travessias-elevadas","status":"publish","type":"post","link":"http:\/\/www.apucarana.pr.gov.br\/site\/transito-de-apucarana-ganha-novas-travessias-elevadas\/","title":{"rendered":"Tr\u00e2nsito de Apucarana ganha novas travessias elevadas"},"content":{"rendered":"<p>A Prefeitura de Apucarana, atrav\u00e9s do Instituto de Desenvolvimento, Pesquisa e Pesquisa e Planejamento (Idepplan), vai instalar cinco novas faixas elevadas para travessia de pedestres. A ordem de servi\u00e7o foi assinada nesta sexta-feira (21\/02), em ato no gabinete municipal, pelo prefeito J\u00fanior da Femac. Os equipamentos, que garantem maior seguran\u00e7a aos transeuntes, ser\u00e3o constru\u00eddos defronte ao painel tur\u00edstico \u201cEu amo Apucarana\u201d localizado no Parque Municipal Jaboti, Col\u00e9gio Estadual Polivalente (PREMEM), Col\u00e9gio Estadual Padre Jos\u00e9 de Anchieta, Escola Municipal Mateus Leme e Faculdade de Apucarana (FAP).<br \/>\nA empresa vencedora da licita\u00e7\u00e3o foi a Construtora Felicita Ltda, de Maril\u00e2ndia do Sul, e o investimento ser\u00e1 de R$65 mil, com recursos pr\u00f3prios da Superintend\u00eancia Municipal de Tr\u00e2nsito. \u201cOrganizar o tr\u00e2nsito foi uma das importantes decis\u00f5es da gest\u00e3o Beto Preto. As faixas elevadas s\u00e3o equipamentos de extrema efici\u00eancia, usados h\u00e1 anos na Europa e, mais pr\u00f3ximo de n\u00f3s, na capital Curitiba, onde vem ganhando espa\u00e7o cada vez mais\u201d, comentou o prefeito J\u00fanior da Femac.<br \/>\nSegundo ele, a faixa elevada de travessia atende a cidades do perfil de Apucarana. \u201cVive um per\u00edodo de retomada do desenvolvimento econ\u00f4mico e social. Temos uma frota de quase 90 mil ve\u00edculos e uma popula\u00e7\u00e3o que vive mais e com melhor qualidade de vida, por isso \u00e9 fundamental que as a\u00e7\u00f5es junto ao tr\u00e2nsito acompanhem essa evolu\u00e7\u00e3o\u201d, disse o prefeito J\u00fanior da Femac.<br \/>\nDos 135 mil habitantes da cidade, assinalou, cerca de 20 mil est\u00e3o na melhor idade. \u201cN\u00e3o podemos esquecer ainda das gestantes, das pessoas com mobilidade reduzida e cadeirantes, que se beneficiam muito com a presen\u00e7a das faixas elevadas\u201d, afirmou o prefeito, relatando que outros cinco equipamentos est\u00e3o contratados esperando a conclus\u00e3o de estudos que v\u00e3o indicar os locais a serem atendidos.<br \/>\nO diretor da Faculdade de Apucarana, professor Lisandro Modesto, relatou que a faixa elevada que ser\u00e1 constru\u00edda no acesso \u00e0 institui\u00e7\u00e3o vai atender \u00e0s necessidades n\u00e3o s\u00f3 dos acad\u00eamicos e do professorado, mas da popula\u00e7\u00e3o que \u00e9 atendida pela Cl\u00ednica de Fisioterapia e Nutri\u00e7\u00e3o. \u201cDiariamente nossa cl\u00ednica recebe dezenas de pacientes que t\u00eam mobilidade reduzida ou s\u00e3o cadeirantes e, infelizmente, muitos motoristas n\u00e3o respeitam o limite de velocidade, mas com a faixa elevada o problema acaba e os pedestres poder\u00e3o atravessar a rua com total seguran\u00e7a\u201d, assinalou Modesto.<br \/>\nAtualmente, a cidade j\u00e1 conta com outras cinco travessias elevadas, sendo uma na Avenida Curitiba em frente ao Cine Teatro F\u00eanix; outra na Rua Desembargador Clot\u00e1rio Portugal, em frente \u00e0 Unidade de Pronto Atendimento (UPA); Rua Munhoz da Rocha, em frente \u00e0 Igreja Congrega\u00e7\u00e3o Crist\u00e3 no Brasil e mais uma na Rua Dr. Nagib Daher, entre as Ruas Osvaldo Cruz e Os\u00f3rio Ribas de Paula. Existe uma tamb\u00e9m junto ao CentroNorte Shopping Center, que foi instalada pelo pr\u00f3prio centro comercial mediante autoriza\u00e7\u00e3o municipal.<br \/>\n\u201cAl\u00e9m de garantir a travessia segura aos pedestres, as travessias elevadas t\u00eam como fun\u00e7\u00e3o fazer com que os motoristas diminuam a velocidade de seus ve\u00edculos, j\u00e1 que o obst\u00e1culo colocado \u00e0 sua frente funciona como se fosse um redutor de velocidade\u201d, explica Carlos Mendes, superintendente de Seguran\u00e7a, Tr\u00e2nsito e Transporte do Idepplan.<br \/>\nDurante a solenidade o prefeito J\u00fanior da Femac tamb\u00e9m anunciou a implanta\u00e7\u00e3o de mais dois sem\u00e1foros. \u201cUm ser\u00e1 instalado no cruzamento da Avenida Minas Gerais com a Rua Esmeralda e outro na esquina das ruas Osvaldo Cruz com \u00cdtalo Ado Fontanini\u201d, informou.<br \/>\nO ato de ordem de servi\u00e7o contou com a presen\u00e7a de secret\u00e1rios municipais, de representantes das comunidades beneficiadas pelos equipamentos e do presidente da C\u00e2mara de Vereadores, Luciano Molina, que esteve acompanhado dos vereadores Marcos da Vila Reis e Jos\u00e9 Airton Deco de Ara\u00fajo.<\/p>\n","protected":false},"excerpt":{"rendered":"<p>Durante a solenidade de ordem de servi\u00e7o, o prefeito J\u00fanior da Femac tamb\u00e9m anunciou a implanta\u00e7\u00e3o de mais dois sem\u00e1foros (Foto: PMA)<\/p>\n","protected":false},"author":4,"featured_media":30001,"comment_status":"closed","ping_status":"open","sticky":false,"template":"","format":"standard","meta":{"footnotes":""},"categories":[24],"tags":[],"class_list":["post-29999","post","type-post","status-publish","format-standard","has-post-thumbnail","hentry","category-noticias"],"acf":[],"_links":{"self":[{"href":"http:\/\/www.apucarana.pr.gov.br\/site\/wp-json\/wp\/v2\/posts\/29999","targetHints":{"allow":["GET"]}}],"collection":[{"href":"http:\/\/www.apucarana.pr.gov.br\/site\/wp-json\/wp\/v2\/posts"}],"about":[{"href":"http:\/\/www.apucarana.pr.gov.br\/site\/wp-json\/wp\/v2\/types\/post"}],"author":[{"embeddable":true,"href":"http:\/\/www.apucarana.pr.gov.br\/site\/wp-json\/wp\/v2\/users\/4"}],"replies":[{"embeddable":true,"href":"http:\/\/www.apucarana.pr.gov.br\/site\/wp-json\/wp\/v2\/comments?post=29999"}],"version-history":[{"count":1,"href":"http:\/\/www.apucarana.pr.gov.br\/site\/wp-json\/wp\/v2\/posts\/29999\/revisions"}],"predecessor-version":[{"id":99734,"href":"http:\/\/www.apucarana.pr.gov.br\/site\/wp-json\/wp\/v2\/posts\/29999\/revisions\/99734"}],"wp:featuredmedia":[{"embeddable":true,"href":"http:\/\/www.apucarana.pr.gov.br\/site\/wp-json\/"}],"wp:attachment":[{"href":"http:\/\/www.apucarana.pr.gov.br\/site\/wp-json\/wp\/v2\/media?parent=29999"}],"wp:term":[{"taxonomy":"category","embeddable":true,"href":"http:\/\/www.apucarana.pr.gov.br\/site\/wp-json\/wp\/v2\/categories?post=29999"},{"taxonomy":"post_tag","embeddable":true,"href":"http:\/\/www.apucarana.pr.gov.br\/site\/wp-json\/wp\/v2\/tags?post=29999"}],"curies":[{"name":"wp","href":"https:\/\/api.w.org\/{rel}","templated":true}]}}