{"id":29995,"date":"2020-02-21T16:37:26","date_gmt":"2020-02-21T19:37:26","guid":{"rendered":"http:\/\/172.16.0.7\/site-antigo\/?p=29995"},"modified":"2024-10-08T09:20:26","modified_gmt":"2024-10-08T12:20:26","slug":"prefeitura-realiza-terceira-audiencia-do-plano-diretor","status":"publish","type":"post","link":"http:\/\/www.apucarana.pr.gov.br\/site\/prefeitura-realiza-terceira-audiencia-do-plano-diretor\/","title":{"rendered":"Prefeitura realiza terceira audi\u00eancia do Plano Diretor"},"content":{"rendered":"<p>A revis\u00e3o do Plano Diretor de Apucarana entrou na reta final com a realiza\u00e7\u00e3o ontem (20) da terceira e pen\u00faltima etapa do processo. Uma audi\u00eancia p\u00fablica reuniu empres\u00e1rios, representantes da sociedade civil organizada, equipe do Instituto de Desenvolvimento, Pesquisa e Planejamento de Apucarana (Idepplan)\u00a0e da Secretaria de Obras, entre outros interessados.<br \/>\nOs trabalhos foram conduzidos pela Consultoria DRZ \u2013 Gest\u00e3o de Cidades, empresa vencedora da licita\u00e7\u00e3o para revis\u00e3o do Plano Diretor. No evento, realizado no anfiteatro do escrit\u00f3rio regional do CREA, foram apresentadas diretrizes e propostas para uma cidade sustent\u00e1vel.<br \/>\nO documento de revis\u00e3o do Plano Diretor re\u00fane mais 300 propostas, que foram elaboradas a partir de oficinas comunit\u00e1rias com a participa\u00e7\u00e3o da popula\u00e7\u00e3o, t\u00e9cnicas e de capacita\u00e7\u00e3o. Algumas das propostas contemplam a simplifica\u00e7\u00e3o do zoneamento e clareza nas defini\u00e7\u00f5es de \u00e1reas adens\u00e1veis, a conclus\u00e3o e implementa\u00e7\u00e3o do Plano de Arboriza\u00e7\u00e3o, a rediscuss\u00e3o do contrato de concess\u00e3o de servi\u00e7os \u00e1gua e esgoto com a Sanepar, e a oferta de mais servi\u00e7os digitalizados e mais eficientes aos contribuintes pela prefeitura, entre outros.<br \/>\nTamb\u00e9m s\u00e3o apontadas as necessidades de alargamentos das vias de acesso, de vias importantes interligando regi\u00f5es e a expans\u00e3o do setor de com\u00e9rcio e servi\u00e7os para a regi\u00e3o da Universidade Tecnol\u00f3gica Federal do Paran\u00e1 (UTFPR), que hoje concentra um grande n\u00famero de universit\u00e1rios.<br \/>\nAntes do prazo para conclus\u00e3o da revis\u00e3o do Plano Diretor, no dia 30 de abril deste ano, est\u00e3o previstas mais tr\u00eas audi\u00eancias p\u00fablicas e uma confer\u00eancia.<br \/>\nO prefeito Junior da Femac conclama todos a participarem efetivamente do processo, visando definir qual a Apucarana que querem para os pr\u00f3ximos 10 anos. \u201cTemos mais tr\u00eas audi\u00eancias e uma confer\u00eancia pela frente e a prefeitura atua para garantir plena participa\u00e7\u00e3o popular, nas altera\u00e7\u00f5es que ser\u00e3o feitas nesta revis\u00e3o, que ter\u00e1 validade de 10 anos\u201d, afirma Junior.<br \/>\nO Plano Diretor consiste num conjunto de leis que contemplam o desenvolvimento, zoneamento e per\u00edmetro urbano, uso e ocupa\u00e7\u00e3o do Solo, edifica\u00e7\u00f5es e sistema vi\u00e1rio, al\u00e9m do c\u00f3digo de posturas. A formata\u00e7\u00e3o do documento est\u00e1 sendo executada em conjunto pelo Instituto de Desenvolvimento, Pesquisa e Planejamento de Apucarana (Idepplan)\u00a0 e a Consultoria DRZ-Gest\u00e3o de Cidades, empresa vencedora da licita\u00e7\u00e3o.<br \/>\nAtualmente encontra-se em vigor uma vers\u00e3o parcialmente atualizada do plano diretor de 2008, que passou por alguns ajustes no ano de 2015.<br \/>\n&nbsp;<\/p>\n","protected":false},"excerpt":{"rendered":"<p>Antes do prazo para conclus\u00e3o da revis\u00e3o do Plano Diretor, no dia 30 de abril, est\u00e3o previstas mais tr\u00eas audi\u00eancias p\u00fablicas e uma confer\u00eancia<\/p>\n","protected":false},"author":4,"featured_media":29996,"comment_status":"closed","ping_status":"open","sticky":false,"template":"","format":"standard","meta":{"footnotes":""},"categories":[24],"tags":[],"class_list":["post-29995","post","type-post","status-publish","format-standard","has-post-thumbnail","hentry","category-noticias"],"acf":[],"_links":{"self":[{"href":"http:\/\/www.apucarana.pr.gov.br\/site\/wp-json\/wp\/v2\/posts\/29995","targetHints":{"allow":["GET"]}}],"collection":[{"href":"http:\/\/www.apucarana.pr.gov.br\/site\/wp-json\/wp\/v2\/posts"}],"about":[{"href":"http:\/\/www.apucarana.pr.gov.br\/site\/wp-json\/wp\/v2\/types\/post"}],"author":[{"embeddable":true,"href":"http:\/\/www.apucarana.pr.gov.br\/site\/wp-json\/wp\/v2\/users\/4"}],"replies":[{"embeddable":true,"href":"http:\/\/www.apucarana.pr.gov.br\/site\/wp-json\/wp\/v2\/comments?post=29995"}],"version-history":[{"count":1,"href":"http:\/\/www.apucarana.pr.gov.br\/site\/wp-json\/wp\/v2\/posts\/29995\/revisions"}],"predecessor-version":[{"id":99735,"href":"http:\/\/www.apucarana.pr.gov.br\/site\/wp-json\/wp\/v2\/posts\/29995\/revisions\/99735"}],"wp:featuredmedia":[{"embeddable":true,"href":"http:\/\/www.apucarana.pr.gov.br\/site\/wp-json\/"}],"wp:attachment":[{"href":"http:\/\/www.apucarana.pr.gov.br\/site\/wp-json\/wp\/v2\/media?parent=29995"}],"wp:term":[{"taxonomy":"category","embeddable":true,"href":"http:\/\/www.apucarana.pr.gov.br\/site\/wp-json\/wp\/v2\/categories?post=29995"},{"taxonomy":"post_tag","embeddable":true,"href":"http:\/\/www.apucarana.pr.gov.br\/site\/wp-json\/wp\/v2\/tags?post=29995"}],"curies":[{"name":"wp","href":"https:\/\/api.w.org\/{rel}","templated":true}]}}