{"id":29987,"date":"2020-02-21T16:00:02","date_gmt":"2020-02-21T19:00:02","guid":{"rendered":"http:\/\/172.16.0.7\/site-antigo\/?p=29987"},"modified":"2024-10-08T09:20:26","modified_gmt":"2024-10-08T12:20:26","slug":"30o-bimec-celebra-75-anos-da-tomada-de-monte-castelo","status":"publish","type":"post","link":"http:\/\/www.apucarana.pr.gov.br\/site\/30o-bimec-celebra-75-anos-da-tomada-de-monte-castelo\/","title":{"rendered":"30\u00ba BIMec celebra 75 anos da tomada de \u201cMonte Castelo\u201d"},"content":{"rendered":"<p>O 30\u00ba Batalh\u00e3o de Infantaria Mecanizado (30\u00ba BIMec), de Apucarana realizou hoje (21) a Formatura Comemorativa ao 75\u00ba Anivers\u00e1rio da Tomada do Monte Castelo pelas tropas do Ex\u00e9rcito Brasileiro. \u201cEsta \u00e9 uma homenagem a bravura dos soldados brasileiros na 2\u00aa Guerra Mundial, em especial aqueles que lutaram para tomada do Monte Castelo. Iniciado em novembro de 1944 e com t\u00e9rmino em 21 de fevereiro de 1945, foi um evento que marca a presen\u00e7a, a a\u00e7\u00e3o e a coragem dos pracinhas da for\u00e7a expedicion\u00e1ria brasileira, lutando ao lado dos aliados e combatendo o nazifascismo\u201d, afirmou o sub-comandante do 30\u00ba BIMec, tenente coronel Clayton Ver\u00edssimo Caetano.<br \/>\nO prefeito Junior da Femac, que prestigiou o evento, definiu o 30\u00ba BIMec como uma riqueza para a cidade de Apucarana. \u201cEntre as riquezas que esse batalh\u00e3o nos traz \u00e9 poder celebrar esse momento de batalha do Brasil pela liberdade. A Tomada do Monte Castelo colocou o Brasil como uma grande na\u00e7\u00e3o capaz de ter um ex\u00e9rcito que empreende esse tipo de vit\u00f3ria\u201d, destacou Junior da Femac.<br \/>\nAl\u00e9m do protocolo militar, a formatura comemorativa foi marcado com o ato \u00a0em que \u00e9 depositada uma corb\u00e9lia de flores no Monumento ao Expedicion\u00e1rio, em homenagem aos her\u00f3is da 2\u00aa Guerra Mundial.<br \/>\nO evento tamb\u00e9m foi prestigiado pelo representante do 10\u00ba Batalh\u00e3o da Pol\u00edcia Militar, major Marcos Jos\u00e9 F\u00e1cio; pelo representante do 11\u00ba Grupamento dos Bombeiros, major Leandro Jos\u00e9 Calegari; pelo procurador do estado, Daniel Cerizza; e pelos colaboradores em\u00e9ritos do Ex\u00e9rcito Oezir Marcelo Kantor, Reinaldo de Paula Martins e Ideval dos Santos Filho.<br \/>\nA Batalha de Monte Castelo foi travada ao final da 2\u00aa Guerra Mundial, entre as tropas aliadas e as for\u00e7as do Ex\u00e9rcito Alem\u00e3o, que tentavam conter o seu avan\u00e7o no Norte da It\u00e1lia. O conflito se arrastou por tr\u00eas meses, de 24 de novembro de 1944 a 21 de fevereiro de 1945, e teve participa\u00e7\u00e3o decisiva da For\u00e7a Expedicion\u00e1ria Brasileira.<br \/>\n&nbsp;<\/p>\n","protected":false},"excerpt":{"rendered":"<p>O evento \u00e9 uma homenagem a bravura dos soldados brasileiros que lutaram na 2\u00aa Guerra Mundial, em especial na tomada do Monte Castelo, na It\u00e1lia<\/p>\n","protected":false},"author":4,"featured_media":29988,"comment_status":"closed","ping_status":"open","sticky":false,"template":"","format":"standard","meta":{"footnotes":""},"categories":[24],"tags":[],"class_list":["post-29987","post","type-post","status-publish","format-standard","has-post-thumbnail","hentry","category-noticias"],"acf":[],"_links":{"self":[{"href":"http:\/\/www.apucarana.pr.gov.br\/site\/wp-json\/wp\/v2\/posts\/29987","targetHints":{"allow":["GET"]}}],"collection":[{"href":"http:\/\/www.apucarana.pr.gov.br\/site\/wp-json\/wp\/v2\/posts"}],"about":[{"href":"http:\/\/www.apucarana.pr.gov.br\/site\/wp-json\/wp\/v2\/types\/post"}],"author":[{"embeddable":true,"href":"http:\/\/www.apucarana.pr.gov.br\/site\/wp-json\/wp\/v2\/users\/4"}],"replies":[{"embeddable":true,"href":"http:\/\/www.apucarana.pr.gov.br\/site\/wp-json\/wp\/v2\/comments?post=29987"}],"version-history":[{"count":1,"href":"http:\/\/www.apucarana.pr.gov.br\/site\/wp-json\/wp\/v2\/posts\/29987\/revisions"}],"predecessor-version":[{"id":99736,"href":"http:\/\/www.apucarana.pr.gov.br\/site\/wp-json\/wp\/v2\/posts\/29987\/revisions\/99736"}],"wp:featuredmedia":[{"embeddable":true,"href":"http:\/\/www.apucarana.pr.gov.br\/site\/wp-json\/"}],"wp:attachment":[{"href":"http:\/\/www.apucarana.pr.gov.br\/site\/wp-json\/wp\/v2\/media?parent=29987"}],"wp:term":[{"taxonomy":"category","embeddable":true,"href":"http:\/\/www.apucarana.pr.gov.br\/site\/wp-json\/wp\/v2\/categories?post=29987"},{"taxonomy":"post_tag","embeddable":true,"href":"http:\/\/www.apucarana.pr.gov.br\/site\/wp-json\/wp\/v2\/tags?post=29987"}],"curies":[{"name":"wp","href":"https:\/\/api.w.org\/{rel}","templated":true}]}}