{"id":29970,"date":"2020-02-21T14:47:50","date_gmt":"2020-02-21T17:47:50","guid":{"rendered":"http:\/\/172.16.0.7\/site-antigo\/?p=29970"},"modified":"2024-10-08T09:20:26","modified_gmt":"2024-10-08T12:20:26","slug":"economia-solidaria-e-caso-de-sucesso-no-territorio-do-vale-do-ivai","status":"publish","type":"post","link":"http:\/\/www.apucarana.pr.gov.br\/site\/economia-solidaria-e-caso-de-sucesso-no-territorio-do-vale-do-ivai\/","title":{"rendered":"Economia Solid\u00e1ria \u00e9 caso de sucesso no Territ\u00f3rio do Vale do Iva\u00ed"},"content":{"rendered":"<p>O Programa de Economia Solid\u00e1ria, da secretaria da Mulher e Assuntos da Fam\u00edlia (Semaf), exp\u00f4s o trabalho que realiza em Apucarana em uma reuni\u00e3o do grupo gestor do Territ\u00f3rio do Vale do Iva\u00ed \u2013 que re\u00fane 27 munic\u00edpios da regi\u00e3o \u2013, com o objetivo de que a iniciativa exitosa possa ser replicada em outras cidades. O encontro foi realizado no Audit\u00f3rio da Universidade Tecnol\u00f3gica Federal do Paran\u00e1 (UTFPR), na manh\u00e3 desta sexta-feira (21\/2).<br \/>\nA secret\u00e1ria da Mulher, Denise Canesin, representando o prefeito J\u00fanior da Femac, e a superintendente da secretaria, Bete Berton, discorreram sobre o percurso do programa, desde seu in\u00edcio at\u00e9 os dias atuais, quando cerca de mil mulheres, capacitadas na perspectiva da economia solid\u00e1ria, integram a rede.<br \/>\n\u201cDesenvolvemos um trabalho de formiguinha, um passo depois do outro. Quando come\u00e7amos, no final de 2013, fomos aos poucos levando mulheres \u00e0s reuni\u00f5es nos bairros. Hoje estamos transformando talentos em empreendimentos econ\u00f4mico-solid\u00e1rios. Temos 13 pontos de comercializa\u00e7\u00e3o, o Espa\u00e7o Mulher, o Espa\u00e7o Empreender, que em breve vai abrigar uma escola de empreendedorismo social, uma escola de neg\u00f3cios\u201d, disse Bete aos presentes.<br \/>\nA secret\u00e1ria Denise destacou a disposi\u00e7\u00e3o da Semaf em compartilhar o conhecimento adquirido, nos sete anos do programa, com outros munic\u00edpios. \u201cFomos \u00e0 Cambira e \u00e0 Guarapuava capacitar mulheres na economia solid\u00e1ria, e recebemos comitivas de outras cidades interessadas em conhecer de perto nosso trabalho. \u00c9 um grande prazer para n\u00f3s constatar que o que fazemos aqui pode inspirar outros gestores\u201d, afirmou. \u201cNada disso seria poss\u00edvel, por\u00e9m, sem o apoio irrestrito da Prefeitura\u201d, destacou.<br \/>\nA superintendente respondeu v\u00e1rias perguntas dos participantes, secret\u00e1rios municipais de Agricultura e de Assist\u00eancia Social, em sua maioria, e se colocou \u00e0 disposi\u00e7\u00e3o para auxili\u00e1-los no desenvolvimento de programas semelhantes. A professora de Empreendedorismo e Gest\u00e3o de Pessoas da UTFPR M\u00e1rcia Alves salientou a import\u00e2ncia da difus\u00e3o do conhecimento pr\u00e1tico acumulado pelo programa de Apucarana. \u201cNosso objetivo em sugerir a economia solid\u00e1ria nesta reuni\u00e3o foi exatamente disseminar e compartilhar a experi\u00eancia vitoriosa de Apucarana com os demais munic\u00edpios do Territ\u00f3rio\u201d, explicou.<br \/>\nCristovon Ripon, coordenador da mesorregi\u00e3o noroeste do Instituto de Desenvolvimento Rural do Paran\u00e1 (IDR-PR, antiga Emater), disse que o grupo de trabalho \u00e9 um f\u00f3rum permanente \u201cpara discutir proposi\u00e7\u00f5es, ideias e pautas que atendam \u00e0s demandas da sociedade em rela\u00e7\u00e3o ao desenvolvimento rural sustent\u00e1vel\u201d. Para ele, o encontro mostrou um exemplo de pol\u00edtica p\u00fablica que dinamiza a economia local.<br \/>\n&nbsp;<br \/>\n&nbsp;<\/p>\n","protected":false},"excerpt":{"rendered":"<p>Grupo de trabalho se re\u00fane na UTFPR para discutir programas bem sucedidos implantados nos munic\u00edpios <\/p>\n","protected":false},"author":4,"featured_media":29975,"comment_status":"closed","ping_status":"open","sticky":false,"template":"","format":"standard","meta":{"footnotes":""},"categories":[24],"tags":[],"class_list":["post-29970","post","type-post","status-publish","format-standard","has-post-thumbnail","hentry","category-noticias"],"acf":[],"_links":{"self":[{"href":"http:\/\/www.apucarana.pr.gov.br\/site\/wp-json\/wp\/v2\/posts\/29970","targetHints":{"allow":["GET"]}}],"collection":[{"href":"http:\/\/www.apucarana.pr.gov.br\/site\/wp-json\/wp\/v2\/posts"}],"about":[{"href":"http:\/\/www.apucarana.pr.gov.br\/site\/wp-json\/wp\/v2\/types\/post"}],"author":[{"embeddable":true,"href":"http:\/\/www.apucarana.pr.gov.br\/site\/wp-json\/wp\/v2\/users\/4"}],"replies":[{"embeddable":true,"href":"http:\/\/www.apucarana.pr.gov.br\/site\/wp-json\/wp\/v2\/comments?post=29970"}],"version-history":[{"count":1,"href":"http:\/\/www.apucarana.pr.gov.br\/site\/wp-json\/wp\/v2\/posts\/29970\/revisions"}],"predecessor-version":[{"id":99737,"href":"http:\/\/www.apucarana.pr.gov.br\/site\/wp-json\/wp\/v2\/posts\/29970\/revisions\/99737"}],"wp:featuredmedia":[{"embeddable":true,"href":"http:\/\/www.apucarana.pr.gov.br\/site\/wp-json\/"}],"wp:attachment":[{"href":"http:\/\/www.apucarana.pr.gov.br\/site\/wp-json\/wp\/v2\/media?parent=29970"}],"wp:term":[{"taxonomy":"category","embeddable":true,"href":"http:\/\/www.apucarana.pr.gov.br\/site\/wp-json\/wp\/v2\/categories?post=29970"},{"taxonomy":"post_tag","embeddable":true,"href":"http:\/\/www.apucarana.pr.gov.br\/site\/wp-json\/wp\/v2\/tags?post=29970"}],"curies":[{"name":"wp","href":"https:\/\/api.w.org\/{rel}","templated":true}]}}