{"id":29959,"date":"2020-02-21T11:41:21","date_gmt":"2020-02-21T14:41:21","guid":{"rendered":"http:\/\/172.16.0.7\/site-antigo\/?p=29959"},"modified":"2024-10-08T09:20:26","modified_gmt":"2024-10-08T12:20:26","slug":"acia-mobiliza-entidades-para-acao-de-combate-contra-a-dengue","status":"publish","type":"post","link":"http:\/\/www.apucarana.pr.gov.br\/site\/acia-mobiliza-entidades-para-acao-de-combate-contra-a-dengue\/","title":{"rendered":"Acia mobiliza entidades para a\u00e7\u00e3o  de combate contra a  dengue"},"content":{"rendered":"<p>No dia 29 de fevereiro, a Associa\u00e7\u00e3o Comercial, Industrial e de Servi\u00e7os (Acia), em parceria com diversas entidades, promover\u00e1 a a\u00e7\u00e3o \u201cTodos Contra a Dengue\u201d. No per\u00edodo das 9 \u00e0s 12 horas, na Pra\u00e7a Rui Barbosa, ser\u00e3o\u00a0refor\u00e7adas junto \u00e0 popula\u00e7\u00e3o as estrat\u00e9gias de enfrentamento do mosquito transmissor da doen\u00e7a. Al\u00e9m da distribui\u00e7\u00e3o de citronela, panfletos educativos, oficina de como eliminar as larvas e o mosquito da dengue, as atividades ser\u00e3o complementadas por a\u00e7\u00f5es das entidades.<br \/>\nNesta sexta-feira (21\/02), a Acia realizou uma reuni\u00e3o de mobiliza\u00e7\u00e3o, visando sensibilizar as lideran\u00e7as para participar do evento. \u201cA diretoria da Acia, preocupada com a infesta\u00e7\u00e3o do aedes <em>aegypti<strong>,<\/strong><\/em> levou a proposta da a\u00e7\u00e3o ao prefeito Junior da Femac, que prontamente abra\u00e7ou a ideia. Hoje, estamos fazendo a sensibiliza\u00e7\u00e3o das entidades, buscando definir estrat\u00e9gias de enfrentamento que ser\u00e3o levadas para a popula\u00e7\u00e3o no dia 29\u201d, reitera Jayme Leonel, presidente da Acia.<br \/>\nO prefeito Junior da Femac participou da reuni\u00e3o, ao lado de Altimar Carletto, chefe da 16\u00aa Regional de Sa\u00fade e de Roberto Kaneta, diretor-presidente da Autarquia Municipal de Sa\u00fade, al\u00e9m de v\u00e1rios secret\u00e1rios municipais. \u201cO combate da dengue exige atitude e o engajamento permanente da popula\u00e7\u00e3o. N\u00e3o adianta fazer uma vez a verifica\u00e7\u00e3o e imaginar que o problema foi resolvido. Devemos, diariamente, combater o mosquito transmissor\u201d, frisa Junior da Femac.<br \/>\nO prefeito refor\u00e7a que o ciclo reprodutivo do mosquito tem dura\u00e7\u00e3o de uma semana. \u201cAp\u00f3s os ovos terem sido depositados, em sete dias j\u00e1 temos um mosquito voando. Por isso, o trabalho de combate deve ser incessante\u201d, reitera. O prefeito tamb\u00e9m lembrou que o v\u00edrus circulante \u00e9 do tipo 2, sendo mais letal. \u201cTem v\u00e1rios munic\u00edpios passando por epidemias e tem gente morrendo por causa da dengue em cidades pr\u00f3ximas. Pela primeira vez o v\u00edrus do tipo 2 est\u00e1 circulando maci\u00e7amente entre n\u00f3s. Al\u00e9m de ser mais letal, o mosquito tamb\u00e9m est\u00e1 \u00a0mais resistente e se adaptando. Com isso, medidas como a pulveriza\u00e7\u00e3o do fumac\u00ea j\u00e1 perderam parte da efici\u00eancia\u201d, alerta.<br \/>\nJunior da Femac afirma que o Munic\u00edpio j\u00e1 vem desenvolvendo uma s\u00e9rie de a\u00e7\u00f5es e agradeceu a iniciativa da Acia. De acordo com o prefeito, j\u00e1 foram recolhidos cerca de 20 mil pneus atrav\u00e9s do ponto de coleta, localizado no IBC da Vila Nova, a Secretaria de Agricultura distribui sementes de citronela e crotal\u00e1ria, os agentes de endemias fazem visitas constantes nas casas, a Autarquia de Servi\u00e7os Funer\u00e1rios (Aserfa) elimina focos nos cemit\u00e9rios e as crian\u00e7as mant\u00e9m o p\u00e1tio livre de \u00e1gua parada nas escolas.<br \/>\n\u201cMas isso n\u00e3o \u00e9 suficiente, pois n\u00e3o \u00e9 uma luta somente do Poder P\u00fablico, mas de toda a cidade e que exige especialmente o engajamento da popula\u00e7\u00e3o. Devemos agir para que o pior n\u00e3o aconte\u00e7a. A dengue \u00e9 algo evit\u00e1vel, mas depende da mobiliza\u00e7\u00e3o da popula\u00e7\u00e3o e de um trabalho cont\u00ednuo, permanente\u201d, refor\u00e7a Junior da Femac.<br \/>\n<strong>A\u00c7\u00d5ES S\u00c3O REFOR\u00c7ADAS<\/strong><br \/>\nAltimar Carletto, chefe da 16\u00aa Regional de Sa\u00fade, afirma que o \u00f3rg\u00e3o mant\u00e9m um comit\u00ea que se re\u00fane semanalmente para avaliar a situa\u00e7\u00e3o e definir a\u00e7\u00f5es de combate \u00e0 dengue. \u201cDeste comit\u00ea, por exemplo, participam membros de igrejas. Padres e pastores est\u00e3o falando durante as celebra\u00e7\u00f5es, por pelo menos cinco minutos, dos cuidados que devem ser tomados e dos riscos da doen\u00e7a\u201d, exemplifica.<br \/>\nM\u00e1rcia Dallagnol, diretora do Sesc de Apucarana, afirma que a entidade j\u00e1 desenvolve um trabalho dentro da unidade. \u201cDestacamos junto aos funcion\u00e1rios a import\u00e2ncia da a\u00e7\u00e3o semanal. Temos um checklist e toda a semana ocorre essa verifica\u00e7\u00e3o\u201d, relata.<br \/>\nA secret\u00e1ria municipal de Educa\u00e7\u00e3o, Marli Fernandes, afirma que as a\u00e7\u00f5es foram ampliadas nos 61 pr\u00e9dios das escolas e Centros Municipais de Educa\u00e7\u00e3o Infantil. \u201cTemos a figura do agente educacional, que tem um uniforme especial e faz a conscientiza\u00e7\u00e3o e a distribui\u00e7\u00e3o de f\u00f4lderes para serem levados \u00e0s fam\u00edlias. Neste m\u00eas de fevereiro, abordamos o assunto tamb\u00e9m nas reuni\u00f5es com os pais e tamb\u00e9m as crian\u00e7as levar\u00e3o como tarefa de casa o protocolo adotado na escola. O objetivo \u00e9 que fa\u00e7am em suas resid\u00eancias e tragam o retorno\u201d, explica a secret\u00e1ria.<\/p>\n","protected":false},"excerpt":{"rendered":"<p>No dia 29 de fevereiro,  das 9 \u00e0s 12 horas, na Pra\u00e7a Rui Barbosa, ser\u00e3o refor\u00e7adas junto \u00e0 popula\u00e7\u00e3o estrat\u00e9gias de enfrentamento do mosquito transmissor da doen\u00e7a.  (Foto: PMA)<\/p>\n","protected":false},"author":4,"featured_media":29963,"comment_status":"closed","ping_status":"open","sticky":false,"template":"","format":"standard","meta":{"footnotes":""},"categories":[24],"tags":[],"class_list":["post-29959","post","type-post","status-publish","format-standard","has-post-thumbnail","hentry","category-noticias"],"acf":[],"_links":{"self":[{"href":"http:\/\/www.apucarana.pr.gov.br\/site\/wp-json\/wp\/v2\/posts\/29959","targetHints":{"allow":["GET"]}}],"collection":[{"href":"http:\/\/www.apucarana.pr.gov.br\/site\/wp-json\/wp\/v2\/posts"}],"about":[{"href":"http:\/\/www.apucarana.pr.gov.br\/site\/wp-json\/wp\/v2\/types\/post"}],"author":[{"embeddable":true,"href":"http:\/\/www.apucarana.pr.gov.br\/site\/wp-json\/wp\/v2\/users\/4"}],"replies":[{"embeddable":true,"href":"http:\/\/www.apucarana.pr.gov.br\/site\/wp-json\/wp\/v2\/comments?post=29959"}],"version-history":[{"count":1,"href":"http:\/\/www.apucarana.pr.gov.br\/site\/wp-json\/wp\/v2\/posts\/29959\/revisions"}],"predecessor-version":[{"id":99738,"href":"http:\/\/www.apucarana.pr.gov.br\/site\/wp-json\/wp\/v2\/posts\/29959\/revisions\/99738"}],"wp:featuredmedia":[{"embeddable":true,"href":"http:\/\/www.apucarana.pr.gov.br\/site\/wp-json\/"}],"wp:attachment":[{"href":"http:\/\/www.apucarana.pr.gov.br\/site\/wp-json\/wp\/v2\/media?parent=29959"}],"wp:term":[{"taxonomy":"category","embeddable":true,"href":"http:\/\/www.apucarana.pr.gov.br\/site\/wp-json\/wp\/v2\/categories?post=29959"},{"taxonomy":"post_tag","embeddable":true,"href":"http:\/\/www.apucarana.pr.gov.br\/site\/wp-json\/wp\/v2\/tags?post=29959"}],"curies":[{"name":"wp","href":"https:\/\/api.w.org\/{rel}","templated":true}]}}