{"id":29956,"date":"2020-02-21T11:15:37","date_gmt":"2020-02-21T14:15:37","guid":{"rendered":"http:\/\/172.16.0.7\/site-antigo\/?p=29956"},"modified":"2024-10-08T09:20:26","modified_gmt":"2024-10-08T12:20:26","slug":"prefeito-emite-nota-de-pesar-pelo-falecimento-de-servidora-da-saude-2-2","status":"publish","type":"post","link":"http:\/\/www.apucarana.pr.gov.br\/site\/prefeito-emite-nota-de-pesar-pelo-falecimento-de-servidora-da-saude-2-2\/","title":{"rendered":"Prefeito emite nota de pesar pelo falecimento de servidora da sa\u00fade"},"content":{"rendered":"<p>O prefeito Junior da Femac e o diretor presidente da Autarquia Municipal de Sa\u00fade (AMS), Roberto Kaneta, manifestam pesar pelo falecimento da servidora p\u00fablica municipal Lucibeli Ruy, 38 anos.<br \/>\nEla integrava o quadro de agente comunit\u00e1rio de sa\u00fade da AMS desde 2005 e no momento atuava na Unidade B\u00e1sica de Sa\u00fade Mercedes Moreno, na Vila Regina. \u201cLamentamos a perda da servidora Lucibeli que por muitos anos atendeu os apucaranenses na \u00e1rea de sa\u00fade. Que Deus conforte seus familiares e amigos nesse momento\u201d, lamentou o prefeito Junior da Femac.<br \/>\nCorpo da servidora ser\u00e1 velado na Capela Mortu\u00e1ria Central de Apucarana e o sepultamento ser\u00e1 \u00e0s 16h30, no Cemit\u00e9rio Municipal de Cambira.<\/p>\n","protected":false},"excerpt":{"rendered":"<p>Corpo da servidora ser\u00e1 velado na Capela Mortu\u00e1ria Central de Apucarana e o sepultamento ser\u00e1 \u00e0s 16h30, no Cemit\u00e9rio Municipal de Cambira.<\/p>\n","protected":false},"author":4,"featured_media":29957,"comment_status":"closed","ping_status":"open","sticky":false,"template":"","format":"standard","meta":{"footnotes":""},"categories":[24],"tags":[],"class_list":["post-29956","post","type-post","status-publish","format-standard","has-post-thumbnail","hentry","category-noticias"],"acf":[],"_links":{"self":[{"href":"http:\/\/www.apucarana.pr.gov.br\/site\/wp-json\/wp\/v2\/posts\/29956","targetHints":{"allow":["GET"]}}],"collection":[{"href":"http:\/\/www.apucarana.pr.gov.br\/site\/wp-json\/wp\/v2\/posts"}],"about":[{"href":"http:\/\/www.apucarana.pr.gov.br\/site\/wp-json\/wp\/v2\/types\/post"}],"author":[{"embeddable":true,"href":"http:\/\/www.apucarana.pr.gov.br\/site\/wp-json\/wp\/v2\/users\/4"}],"replies":[{"embeddable":true,"href":"http:\/\/www.apucarana.pr.gov.br\/site\/wp-json\/wp\/v2\/comments?post=29956"}],"version-history":[{"count":1,"href":"http:\/\/www.apucarana.pr.gov.br\/site\/wp-json\/wp\/v2\/posts\/29956\/revisions"}],"predecessor-version":[{"id":99739,"href":"http:\/\/www.apucarana.pr.gov.br\/site\/wp-json\/wp\/v2\/posts\/29956\/revisions\/99739"}],"wp:featuredmedia":[{"embeddable":true,"href":"http:\/\/www.apucarana.pr.gov.br\/site\/wp-json\/"}],"wp:attachment":[{"href":"http:\/\/www.apucarana.pr.gov.br\/site\/wp-json\/wp\/v2\/media?parent=29956"}],"wp:term":[{"taxonomy":"category","embeddable":true,"href":"http:\/\/www.apucarana.pr.gov.br\/site\/wp-json\/wp\/v2\/categories?post=29956"},{"taxonomy":"post_tag","embeddable":true,"href":"http:\/\/www.apucarana.pr.gov.br\/site\/wp-json\/wp\/v2\/tags?post=29956"}],"curies":[{"name":"wp","href":"https:\/\/api.w.org\/{rel}","templated":true}]}}