{"id":29941,"date":"2020-02-20T16:56:23","date_gmt":"2020-02-20T19:56:23","guid":{"rendered":"http:\/\/172.16.0.7\/site-antigo\/?p=29941"},"modified":"2024-10-08T09:20:26","modified_gmt":"2024-10-08T12:20:26","slug":"prefeitura-licita-tres-obras-de-pavimentacao-asfaltica","status":"publish","type":"post","link":"http:\/\/www.apucarana.pr.gov.br\/site\/prefeitura-licita-tres-obras-de-pavimentacao-asfaltica\/","title":{"rendered":"Prefeitura licita tr\u00eas obras de pavimenta\u00e7\u00e3o asf\u00e1ltica"},"content":{"rendered":"<p>O prefeito Junior da Femac autorizou hoje (20) a abertura de licita\u00e7\u00f5es de tr\u00eas obras de pavimenta\u00e7\u00e3o asf\u00e1ltica. Os investimentos somam R$ 2,1 milh\u00f5es. O recurso \u00e9 do Governo Federal que destina aos munic\u00edpios parte dos valores arrecadados de leil\u00e3o do pr\u00e9-sal.<br \/>\nUma das licita\u00e7\u00f5es vai beneficiar moradores do Recanto Bom Retiro, uma \u00e1rea de ch\u00e1caras localizada nas proximidades da Sociedade Rural. A Rua Jos\u00e9 Bossato, que \u00e9 a principal via deste bairro, vai receber servi\u00e7os de drenagem, meio-fio e 5.130 metros quadrados de asfalto. O valor desta obra \u00e9 de R$ 700 mil.<br \/>\nOutra licita\u00e7\u00e3o que o prefeito autorizou hoje levar\u00e1 asfalto a quatro ruas do Jardim Mercadante, que fica na regi\u00e3o do Jardim Ponta Grossa. A obra de pavimenta\u00e7\u00e3o, drenagem e meio-fio ser\u00e1 executada nas ruas Belo Horizonte, Chavantes, Olavo Bilac e Castro Alves, totalizando 1.400 metros quadrados de asfalto. O investimento \u00e9 de R$ 314 mil.<br \/>\nA terceira licita\u00e7\u00e3o vai atender o Parque Industrial Danilo Bert\u00e9. A obra que tamb\u00e9m contempla drenagem, meio-fio vai utilizar 8.900 metros quadrados de asfalto. Ser\u00e3o pavimentadas todas as vias do parque, que s\u00e3o as ruas Prata, Ouro, Antonio de Figueiredo Moraes e S\u00e9rgio Franco Bueno. O valor desta obra \u00e9 de R$ 1 milh\u00e3o e 89 mil.<br \/>\nJos\u00e9 Ricardo Parra de Oliveira, que est\u00e1 na fase de implanta\u00e7\u00e3o de uma empresa de pain\u00e9is no Parque Industrial Danilo Bert\u00e9, diz que a not\u00edcia da pavimenta\u00e7\u00e3o das ruas representa um incentivo a mais para o sucesso do seu empreendimento. \u201c\u00c9 uma alegria muito grande contar com a rua asfaltada em frente a nossa futura empresa\u201d, declara Jos\u00e9 de Oliveira.<br \/>\nMoradora do Recanto Bom Retiro h\u00e1 19 anos, Lurdes Maria Rodrigues comemora a chegada o asfalto na Rua Jos\u00e9 Bossato e relata as dificuldades dos moradores em conviver com o barro e p\u00f3<br \/>\nno seu dia a dia. \u201cSei o que \u00e9 sofrer morando em rua sem asfalto. \u00c9 dif\u00edcil para todos, mas o sofrimento das crian\u00e7as andando no barro em dias de chuva para n\u00e3o perder aula \u00e9 muito triste. Sem contar os idosos que t\u00eam a sua locomo\u00e7\u00e3o limitada devido \u00e0s condi\u00e7\u00f5es das ruas. Agrade\u00e7o a prefeitura por agora solucionar essa situa\u00e7\u00e3o em nosso bairro\u201d, afirma Lurdes Rodrigues.<br \/>\nO prefeito Junior da Femac definiu a abertura das tr\u00eas licita\u00e7\u00f5es como mais um passo na proposta da gest\u00e3o Beto Preto\/Junior da Femac de asfaltar toda cidade. \u201cEm 2013 pegamos Apucarana com 97 quil\u00f4metros de ruas sem asfalto dentro da cidade. Hoje faltam apenas 6 quil\u00f4metros e n\u00f3s vamos terminar tudo\u201d, garante o prefeito.<br \/>\n\u201cEstamos vivendo hoje mais um ato hist\u00f3rico, de uma nova Apucarana que estamos criando com o trabalho de todos os dias. Com uni\u00e3o e planejamento estamos conseguindo avan\u00e7ar e construindo uma cidade onde todos tenham orgulho de viver\u201d, destaca Junior da Femac.<br \/>\nA solenidade de abertura de licita\u00e7\u00e3o contou com a presen\u00e7a dos vereadores Jos\u00e9 Airton \u201cDeco\u201d de Ara\u00fajo, Marcos da Vila Reis, Francylei Poim e Gentil Pereira, de secret\u00e1rios municipais, de empres\u00e1rios e moradores dos bairros beneficiados pelas tr\u00eas obras de pavimenta\u00e7\u00e3o.<br \/>\n&nbsp;<br \/>\n&nbsp;<\/p>\n","protected":false},"excerpt":{"rendered":"<p>Investimentos de R$ 2,1 milh\u00f5es v\u00e3o beneficiar o Parque Industrial Danilo Bert\u00e9, Recanto Bom Retiro e Jardim Mercadante<\/p>\n","protected":false},"author":4,"featured_media":29943,"comment_status":"closed","ping_status":"open","sticky":false,"template":"","format":"standard","meta":{"footnotes":""},"categories":[24],"tags":[],"class_list":["post-29941","post","type-post","status-publish","format-standard","has-post-thumbnail","hentry","category-noticias"],"acf":[],"_links":{"self":[{"href":"http:\/\/www.apucarana.pr.gov.br\/site\/wp-json\/wp\/v2\/posts\/29941","targetHints":{"allow":["GET"]}}],"collection":[{"href":"http:\/\/www.apucarana.pr.gov.br\/site\/wp-json\/wp\/v2\/posts"}],"about":[{"href":"http:\/\/www.apucarana.pr.gov.br\/site\/wp-json\/wp\/v2\/types\/post"}],"author":[{"embeddable":true,"href":"http:\/\/www.apucarana.pr.gov.br\/site\/wp-json\/wp\/v2\/users\/4"}],"replies":[{"embeddable":true,"href":"http:\/\/www.apucarana.pr.gov.br\/site\/wp-json\/wp\/v2\/comments?post=29941"}],"version-history":[{"count":1,"href":"http:\/\/www.apucarana.pr.gov.br\/site\/wp-json\/wp\/v2\/posts\/29941\/revisions"}],"predecessor-version":[{"id":99740,"href":"http:\/\/www.apucarana.pr.gov.br\/site\/wp-json\/wp\/v2\/posts\/29941\/revisions\/99740"}],"wp:featuredmedia":[{"embeddable":true,"href":"http:\/\/www.apucarana.pr.gov.br\/site\/wp-json\/"}],"wp:attachment":[{"href":"http:\/\/www.apucarana.pr.gov.br\/site\/wp-json\/wp\/v2\/media?parent=29941"}],"wp:term":[{"taxonomy":"category","embeddable":true,"href":"http:\/\/www.apucarana.pr.gov.br\/site\/wp-json\/wp\/v2\/categories?post=29941"},{"taxonomy":"post_tag","embeddable":true,"href":"http:\/\/www.apucarana.pr.gov.br\/site\/wp-json\/wp\/v2\/tags?post=29941"}],"curies":[{"name":"wp","href":"https:\/\/api.w.org\/{rel}","templated":true}]}}