{"id":29935,"date":"2020-02-20T16:22:19","date_gmt":"2020-02-20T19:22:19","guid":{"rendered":"http:\/\/172.16.0.7\/site-antigo\/?p=29935"},"modified":"2024-10-08T09:20:26","modified_gmt":"2024-10-08T12:20:26","slug":"concessionaria-reabre-acesso-ao-contorno-sul-via-sussumo-shimura","status":"publish","type":"post","link":"http:\/\/www.apucarana.pr.gov.br\/site\/concessionaria-reabre-acesso-ao-contorno-sul-via-sussumo-shimura\/","title":{"rendered":"Concession\u00e1ria reabre acesso ao Contorno Sul via \u201cSussumo Shimura\u201d"},"content":{"rendered":"<p>Com a conclus\u00e3o das obras de duplica\u00e7\u00e3o no trecho, a CCR Rodonorte libera a partir desta segunda-feira (24\/02) o acesso ao Contorno Sul de Apucarana por interm\u00e9dio da Rua Sussumo Shimura, no Jardim Catua\u00ed. Desde outubro do ano passado, para chegar \u00e0 BR-376 os condutores precisaram seguir por uma rota alternativa tra\u00e7ada pela concession\u00e1ria, com aval do Instituto de Desenvolvimento, Pesquisa e Planejamento de Apucarana (Idepplan).<br \/>\n\u201c\u00c9 uma not\u00edcia muito importante e bastante esperada pela popula\u00e7\u00e3o. Foram quatro meses de obras e, neste per\u00edodo, o acesso \u00e0 rodovia precisou ser alterado para seguran\u00e7a de todos\u201d, disse o prefeito J\u00fanior da Femac, que recebeu os detalhes da reabertura do acesso original nesta quinta-feira (20\/02) atrav\u00e9s dos engenheiros Guilherme Pires da Silva, da Copa Construtora, e Giovana Manosso, da EPC Engenharia, empresas que prestam servi\u00e7os \u00e0 CCR Rodonorte. &#8220;A prefeitura tamb\u00e9m est\u00e1 em tratativas com o DER para instala\u00e7\u00e3o de uma passarela no local, atendendo aos pedestres que precisam transpor a rodovia&#8221;, informou o prefeito.<br \/>\nO superintendente de Seguran\u00e7a, Tr\u00e2nsito e Transportes do Idepplan, Carlos Mendes, tamb\u00e9m acompanhou a agenda. Ele assinala que o trecho vai estar devidamente sinalizado, com placas indicativas. \u201cEstamos acompanhando de perto todo este processo de reabertura e pedimos aten\u00e7\u00e3o dos condutores, sobretudo no momento de acessarem a rodovia\u201d, solicita Mendes.<br \/>\nIniciada em agosto de 2018, a duplica\u00e7\u00e3o do Contorno Sul \u00e9 executada em duas etapas. A primeira fase, compreendendo 4,5 quil\u00f4metros entre o acesso da cidade nas proximidades do 10\u00ba Batalh\u00e3o da Pol\u00edcia Militar e a entrada para a estrada velha para Rio Bom, j\u00e1 foi conclu\u00edda. Al\u00e9m dos dois viadutos &#8211; \u201cNova Ukr\u00e2nia\u201d e \u201cacesso a estrada velha de Rio Bom\u201d &#8211; o projeto contempla ainda uma ponte sobre o C\u00f3rrego Bigua\u00e7u. Com investimento na ordem de R$70 milh\u00f5es, as obras devem ser conclu\u00eddas at\u00e9 setembro deste ano, garantindo melhor mobilidade urbana e expans\u00e3o de investimentos para a regi\u00e3o.<\/p>\n","protected":false},"excerpt":{"rendered":"<p>Desde outubro do ano passado, para chegar \u00e0 BR-376 os condutores precisaram seguir por uma rota alternativa tra\u00e7ada pela concession\u00e1ria com aval do Idepplan (Foto: PMA)<\/p>\n","protected":false},"author":4,"featured_media":29939,"comment_status":"closed","ping_status":"open","sticky":false,"template":"","format":"standard","meta":{"footnotes":""},"categories":[24],"tags":[],"class_list":["post-29935","post","type-post","status-publish","format-standard","has-post-thumbnail","hentry","category-noticias"],"acf":[],"_links":{"self":[{"href":"http:\/\/www.apucarana.pr.gov.br\/site\/wp-json\/wp\/v2\/posts\/29935","targetHints":{"allow":["GET"]}}],"collection":[{"href":"http:\/\/www.apucarana.pr.gov.br\/site\/wp-json\/wp\/v2\/posts"}],"about":[{"href":"http:\/\/www.apucarana.pr.gov.br\/site\/wp-json\/wp\/v2\/types\/post"}],"author":[{"embeddable":true,"href":"http:\/\/www.apucarana.pr.gov.br\/site\/wp-json\/wp\/v2\/users\/4"}],"replies":[{"embeddable":true,"href":"http:\/\/www.apucarana.pr.gov.br\/site\/wp-json\/wp\/v2\/comments?post=29935"}],"version-history":[{"count":1,"href":"http:\/\/www.apucarana.pr.gov.br\/site\/wp-json\/wp\/v2\/posts\/29935\/revisions"}],"predecessor-version":[{"id":99741,"href":"http:\/\/www.apucarana.pr.gov.br\/site\/wp-json\/wp\/v2\/posts\/29935\/revisions\/99741"}],"wp:featuredmedia":[{"embeddable":true,"href":"http:\/\/www.apucarana.pr.gov.br\/site\/wp-json\/"}],"wp:attachment":[{"href":"http:\/\/www.apucarana.pr.gov.br\/site\/wp-json\/wp\/v2\/media?parent=29935"}],"wp:term":[{"taxonomy":"category","embeddable":true,"href":"http:\/\/www.apucarana.pr.gov.br\/site\/wp-json\/wp\/v2\/categories?post=29935"},{"taxonomy":"post_tag","embeddable":true,"href":"http:\/\/www.apucarana.pr.gov.br\/site\/wp-json\/wp\/v2\/tags?post=29935"}],"curies":[{"name":"wp","href":"https:\/\/api.w.org\/{rel}","templated":true}]}}