{"id":29927,"date":"2020-02-20T15:21:18","date_gmt":"2020-02-20T18:21:18","guid":{"rendered":"http:\/\/172.16.0.7\/site-antigo\/?p=29927"},"modified":"2024-10-08T09:20:26","modified_gmt":"2024-10-08T12:20:26","slug":"equipe-da-secretaria-de-esportes-de-apucarana-se-destaca-na-prova-pedestre-xv-de-fevereiro","status":"publish","type":"post","link":"http:\/\/www.apucarana.pr.gov.br\/site\/equipe-da-secretaria-de-esportes-de-apucarana-se-destaca-na-prova-pedestre-xv-de-fevereiro\/","title":{"rendered":"Equipe da Secretaria de Esportes de Apucarana se destaca na Prova Pedestre XV de Fevereiro"},"content":{"rendered":"<p>Com o comando da professora Luciane Yoshico, a equipe adulta de pedestrianismo da Secretaria Municipal de Esportes da Prefeitura de Apucarana foi destaque na 43\u00aa edi\u00e7\u00e3o da Prova Pedestre XV de Fevereiro, realizada no final de semana em Corn\u00e9lio Proc\u00f3pio.<br \/>\nLuciane Yoshico voltou satisfeita com os resultados obtidos no Norte Pioneiro. \u201cFoi uma prova muito dif\u00edcil, mas os nossos atletas deram conta do recado e trouxeram bons resultados tanto na classifica\u00e7\u00e3o por categoria e tamb\u00e9m no geral\u201d, comentou Luciane.<br \/>\nA competi\u00e7\u00e3o em Corn\u00e9lio Proc\u00f3pio foi disputada com percursos de 6 e de 12 Km. A secret\u00e1ria municipal de Esportes, Jossuela Pinheiro, enalteceu o bom desempenho dos atletas apucaranenses na XV de Fevereiro.<br \/>\n\u201cFomos bem na categoria menores (Quinzinha) e na categoria adulto n\u00e3o foi diferente. A gest\u00e3o Beto Preto e Junior da Femac t\u00eam dado todo o respaldo ao esporte e os resultados est\u00e3o acontecendo com muitas vit\u00f3rias\u201d, destacou Jossuela.<br \/>\nNa Prova XV de Fevereiro, Apucarana foi representada por cerca de 20 competidores. Na prova de 6 Km, o atleta Cl\u00e9ber da Silva Ribeiro foi campe\u00e3o na categoria e obteve a terceira posi\u00e7\u00e3o na classifica\u00e7\u00e3o geral. Luiz Cl\u00e1udio Freitas tamb\u00e9m foi campe\u00e3o na categoria.<br \/>\nJ\u00e1 na competi\u00e7\u00e3o de 12 Km, L\u00facia Mateus Fernandes foi campe\u00e3 na categoria, o mesmo acontecendo com Geison Novaes de Souza. Na classifica\u00e7\u00e3o geral, Geison foi o d\u00e9cimo quinto colocado. Tiago Chagas terminou a prova na terceira posi\u00e7\u00e3o em sua categoria.<br \/>\nOs demais atletas de Apucarana, que competiram em Corn\u00e9lio Proc\u00f3pio, receberam medalhas. Luciane destacou que a equipe agora vai disputar corridas no dias 8 e 22 de mar\u00e7o, e 19 de abril. No dia 8 a prova ser\u00e1 em Sertan\u00f3polis, dia 20 em Nova Am\u00e9rica da Colina e dia 19 de abril na Corrida R\u00fastica Tiradentes, em Maring\u00e1.<br \/>\nA equipe treina de segunda a sexta-feira das 17 \u00e0s 20 horas, no Complexo Esportivo Lago\u00e3o.<\/p>\n","protected":false},"excerpt":{"rendered":"<p> Apucarana foi representada na competi\u00e7\u00e3o, em Corn\u00e9lio Proc\u00f3pio, por  20 competidores<\/p>\n","protected":false},"author":4,"featured_media":29928,"comment_status":"closed","ping_status":"open","sticky":false,"template":"","format":"standard","meta":{"footnotes":""},"categories":[24],"tags":[],"class_list":["post-29927","post","type-post","status-publish","format-standard","has-post-thumbnail","hentry","category-noticias"],"acf":[],"_links":{"self":[{"href":"http:\/\/www.apucarana.pr.gov.br\/site\/wp-json\/wp\/v2\/posts\/29927","targetHints":{"allow":["GET"]}}],"collection":[{"href":"http:\/\/www.apucarana.pr.gov.br\/site\/wp-json\/wp\/v2\/posts"}],"about":[{"href":"http:\/\/www.apucarana.pr.gov.br\/site\/wp-json\/wp\/v2\/types\/post"}],"author":[{"embeddable":true,"href":"http:\/\/www.apucarana.pr.gov.br\/site\/wp-json\/wp\/v2\/users\/4"}],"replies":[{"embeddable":true,"href":"http:\/\/www.apucarana.pr.gov.br\/site\/wp-json\/wp\/v2\/comments?post=29927"}],"version-history":[{"count":1,"href":"http:\/\/www.apucarana.pr.gov.br\/site\/wp-json\/wp\/v2\/posts\/29927\/revisions"}],"predecessor-version":[{"id":99742,"href":"http:\/\/www.apucarana.pr.gov.br\/site\/wp-json\/wp\/v2\/posts\/29927\/revisions\/99742"}],"wp:featuredmedia":[{"embeddable":true,"href":"http:\/\/www.apucarana.pr.gov.br\/site\/wp-json\/"}],"wp:attachment":[{"href":"http:\/\/www.apucarana.pr.gov.br\/site\/wp-json\/wp\/v2\/media?parent=29927"}],"wp:term":[{"taxonomy":"category","embeddable":true,"href":"http:\/\/www.apucarana.pr.gov.br\/site\/wp-json\/wp\/v2\/categories?post=29927"},{"taxonomy":"post_tag","embeddable":true,"href":"http:\/\/www.apucarana.pr.gov.br\/site\/wp-json\/wp\/v2\/tags?post=29927"}],"curies":[{"name":"wp","href":"https:\/\/api.w.org\/{rel}","templated":true}]}}