{"id":29914,"date":"2020-02-20T10:30:31","date_gmt":"2020-02-20T13:30:31","guid":{"rendered":"http:\/\/172.16.0.7\/site-antigo\/?p=29914"},"modified":"2024-10-08T09:20:27","modified_gmt":"2024-10-08T12:20:27","slug":"procon-pede-mais-agilidade-no-atendimento-a-idosos-com-mais-de-80-anos","status":"publish","type":"post","link":"http:\/\/www.apucarana.pr.gov.br\/site\/procon-pede-mais-agilidade-no-atendimento-a-idosos-com-mais-de-80-anos\/","title":{"rendered":"Procon pede mais agilidade no atendimento a idosos acima de 80 anos"},"content":{"rendered":"<p>Uma altera\u00e7\u00e3o no Estatuto do Idoso, ocorrida em 2017, estabelece prioridade especial no atendimento aos maiores de 80 anos, sempre preferencialmente em rela\u00e7\u00e3o aos demais idosos. Para que esta legisla\u00e7\u00e3o seja cumprida em Apucarana, a Coordenadoria Municipal de Prote\u00e7\u00e3o e Defesa do Consumidor encaminhou recomenda\u00e7\u00e3o administrativa a supermercados, bancos, cooperativas de cr\u00e9dito e lot\u00e9ricas, para um atendimento mais c\u00e9lere e confort\u00e1vel \u00e0s pessoas nesta faixa et\u00e1ria.<br \/>\nO coordenador geral do Procon Apucarana, advogado Jos\u00e9 Carlos Balan, lembra que o atendimento priorit\u00e1rio \u00e0s pessoas com mais de 60 anos est\u00e1 previsto no Estatuto do Idoso desde 2003. \u201cEntre as garantias de prioridade previstas na lei est\u00e1 o atendimento preferencial imediato e individualizado junto aos servi\u00e7os p\u00fablicos e privados prestadores de servi\u00e7os \u00e0 popula\u00e7\u00e3o\u201d, explica o coordenador. J\u00e1 a lei, aprovada em 2017, complementa o advogado, contempla tr\u00eas artigos \u2013 3\u00ba, 15\u00ba e 71\u00ba &#8211; estabelecendo prioridade especial aos maiores de 80 anos junto aos prestadores de servi\u00e7os (supermercados, lot\u00e9ricas, bancos e farm\u00e1cias); no atendimento de sa\u00fade; e no acesso \u00e0 Justi\u00e7a.<br \/>\nO respons\u00e1vel pelo Procon Apucarana lembra ainda que, conforme os dados do IBGE, referente ao censo de 2010, residem no munic\u00edpio 1.788 pessoas com mais de 80 anos de idade e estas necessitam diariamente de servi\u00e7os p\u00fablicos e privados. \u201c\u00c9 muito comum depararmos com pessoas nesta faixa et\u00e1ria em filas de bancos, lot\u00e9ricas e supermercados, sem que recebam o atendimento preferencial imediato. Assim, com a recomenda\u00e7\u00e3o, esperamos contribuir para estas pessoas serem respeitadas em seu direito\u201d, frisa o advogado. Para ter direito a este benef\u00edcio, basta o idoso com mais de 80 anos apresentar documento de idade para verifica\u00e7\u00e3o por parte do estabelecimento.<br \/>\n&nbsp;<\/p>\n","protected":false},"excerpt":{"rendered":"<p>Procon de Apucarana encaminhou recomenda\u00e7\u00e3o administrativa para supermercados, bancos, cooperativas de cr\u00e9dito e lot\u00e9ricas.<\/p>\n","protected":false},"author":4,"featured_media":29916,"comment_status":"closed","ping_status":"open","sticky":false,"template":"","format":"standard","meta":{"footnotes":""},"categories":[24],"tags":[],"class_list":["post-29914","post","type-post","status-publish","format-standard","has-post-thumbnail","hentry","category-noticias"],"acf":[],"_links":{"self":[{"href":"http:\/\/www.apucarana.pr.gov.br\/site\/wp-json\/wp\/v2\/posts\/29914","targetHints":{"allow":["GET"]}}],"collection":[{"href":"http:\/\/www.apucarana.pr.gov.br\/site\/wp-json\/wp\/v2\/posts"}],"about":[{"href":"http:\/\/www.apucarana.pr.gov.br\/site\/wp-json\/wp\/v2\/types\/post"}],"author":[{"embeddable":true,"href":"http:\/\/www.apucarana.pr.gov.br\/site\/wp-json\/wp\/v2\/users\/4"}],"replies":[{"embeddable":true,"href":"http:\/\/www.apucarana.pr.gov.br\/site\/wp-json\/wp\/v2\/comments?post=29914"}],"version-history":[{"count":1,"href":"http:\/\/www.apucarana.pr.gov.br\/site\/wp-json\/wp\/v2\/posts\/29914\/revisions"}],"predecessor-version":[{"id":99744,"href":"http:\/\/www.apucarana.pr.gov.br\/site\/wp-json\/wp\/v2\/posts\/29914\/revisions\/99744"}],"wp:featuredmedia":[{"embeddable":true,"href":"http:\/\/www.apucarana.pr.gov.br\/site\/wp-json\/"}],"wp:attachment":[{"href":"http:\/\/www.apucarana.pr.gov.br\/site\/wp-json\/wp\/v2\/media?parent=29914"}],"wp:term":[{"taxonomy":"category","embeddable":true,"href":"http:\/\/www.apucarana.pr.gov.br\/site\/wp-json\/wp\/v2\/categories?post=29914"},{"taxonomy":"post_tag","embeddable":true,"href":"http:\/\/www.apucarana.pr.gov.br\/site\/wp-json\/wp\/v2\/tags?post=29914"}],"curies":[{"name":"wp","href":"https:\/\/api.w.org\/{rel}","templated":true}]}}