{"id":29908,"date":"2020-02-19T18:27:21","date_gmt":"2020-02-19T21:27:21","guid":{"rendered":"http:\/\/172.16.0.7\/site-antigo\/?p=29908"},"modified":"2024-10-08T09:20:27","modified_gmt":"2024-10-08T12:20:27","slug":"der-libera-projetos-de-marginal-junto-ao-distrito-de-vila-reis","status":"publish","type":"post","link":"http:\/\/www.apucarana.pr.gov.br\/site\/der-libera-projetos-de-marginal-junto-ao-distrito-de-vila-reis\/","title":{"rendered":"DER libera projetos de marginal junto ao Distrito de Vila Reis"},"content":{"rendered":"<p>O prefeito J\u00fanior da Femac recebeu nesta quarta-feira (19\/02) o projeto executivo de engenharia da marginal da BR-376, entre o Distrito de Vila Reis e a trincheira do 30\u00ba Batalh\u00e3o de Infantaria Mecanizado (30\u00ba BIMec). Executado pela concession\u00e1ria CCR Rodonorte, por meio da empresa de assessoria Esteio, o material \u2013 que foi entregue oficialmente em ato no gabinete municipal pelo engenheiro Ademar Santos e por J\u00falia Vitorelli Luz, membro da equipe t\u00e9cnica de elabora\u00e7\u00e3o &#8211; teve acompanhamento e aprova\u00e7\u00e3o do Departamento de Estradas de Rodagens do Paran\u00e1 (DER).<br \/>\n\u201cA viabiliza\u00e7\u00e3o de marginal asfaltada para esta importante regi\u00e3o de Apucarana \u00e9 uma luta da gest\u00e3o Beto Preto, juntamente com todos os moradores, empres\u00e1rios e propriet\u00e1rios rurais. A duplica\u00e7\u00e3o chegou e \u00e9 importante, mas gerou este conflito de mobilidade que agora, com a aprova\u00e7\u00e3o e libera\u00e7\u00e3o do projeto de engenharia, damos hoje um grande passo rumo \u00e0 solu\u00e7\u00e3o definitiva\u201d, pontua o prefeito J\u00fanior da Femac.<br \/>\nCom a duplica\u00e7\u00e3o da rodovia no trecho, os moradores, em especial do Jardim Curitiba, passaram a ter que percorrer seis quil\u00f4metros a mais para chegar ao centro de Apucarana, uma vez que o primeiro retorno est\u00e1 h\u00e1 tr\u00eas quil\u00f4metros do bairro. Um acesso provis\u00f3rio at\u00e9 a trincheira do 30\u00ba BIMec chegou a ser constru\u00eddo pelos moradores, mas foi fechado pela concession\u00e1ria no final de dezembro de 2018 por motivos de seguran\u00e7a, j\u00e1 que o fluxo era feito na contram\u00e3o da rodovia. Com intermedia\u00e7\u00e3o do prefeito J\u00fanior da Femac, o trecho foi reaberto logo em seguida e o compromisso de viabilizar a marginal asfaltada foi firmado com os moradores.<br \/>\n\u201cQuando falamos que essa administra\u00e7\u00e3o \u00e9 dos bairros para o centro, queremos dizer que nenhum bairro fica esquecido, sem a resolu\u00e7\u00e3o de seus problemas. \u00c0s vezes n\u00e3o sai no tempo que a gente quer, pois tem a burocracia, mas nenhuma das reivindica\u00e7\u00f5es \u00e9 deixada de lado. Tudo \u00e9 levado em conta, colocado equipe e buscado recursos para resolver, como est\u00e1 acontecendo neste caso\u201d, reiterou o prefeito J\u00fanior da Femac.<br \/>\nDe posse dos projetos executivos, a Prefeitura de Apucarana pode dar in\u00edcio ao processo licitat\u00f3rio visando a contrata\u00e7\u00e3o de empresa especializada na execu\u00e7\u00e3o da obra. Com intermedia\u00e7\u00e3o do vereador Marcos da Vila Reis (PSD), o Minist\u00e9rio do Desenvolvimento Regional (MDR) empenhou no final do ano passado, emenda ao Or\u00e7amento Geral da Uni\u00e3o (OGU) no valor de R$955 mil para Apucarana.<br \/>\nDe autoria do Deputado Federal Diego Garcia (PODE\/PR), os recursos ser\u00e3o usados pela Prefeitura de Apucarana para as obras da marginal. \u201c\u00c9 uma verba muito importante que agradecemos imensamente tanto ao vereador Marcos, que \u00e9 um batalhador por Vila Reis e pelo Jardim Curitiba e, sobretudo, ao Deputado Federal Diego Garcia, que poderia ter destinado este recurso para qualquer outro munic\u00edpio, mas escolheu Apucarana\u201d, assinalou o prefeito J\u00fanior da Femac.<br \/>\nCom a contrapartida municipal de R$188.122,61, a capacidade de investimento com a emenda pode chegar a R$1.143.122,00. \u201cVamos realizar agora o or\u00e7amento definitivo da obra, se necess\u00e1rio, vamos complementar com mais recursos municipais\u201d, concluiu J\u00fanior. Segundo o prefeito, junto aos projetos aprovados tamb\u00e9m est\u00e1 a marginal do outro lado da rodovia, junto a empresa Coamo.<\/p>\n","protected":false},"excerpt":{"rendered":"<p>Com os projetos executivos em m\u00e3os, a Prefeitura de Apucarana pode dar in\u00edcio ao processo licitat\u00f3rio visando a contrata\u00e7\u00e3o de empresa especializada na execu\u00e7\u00e3o da obra (Foto: PMA)<\/p>\n","protected":false},"author":4,"featured_media":29909,"comment_status":"closed","ping_status":"open","sticky":false,"template":"","format":"standard","meta":{"footnotes":""},"categories":[24],"tags":[],"class_list":["post-29908","post","type-post","status-publish","format-standard","has-post-thumbnail","hentry","category-noticias"],"acf":[],"_links":{"self":[{"href":"http:\/\/www.apucarana.pr.gov.br\/site\/wp-json\/wp\/v2\/posts\/29908","targetHints":{"allow":["GET"]}}],"collection":[{"href":"http:\/\/www.apucarana.pr.gov.br\/site\/wp-json\/wp\/v2\/posts"}],"about":[{"href":"http:\/\/www.apucarana.pr.gov.br\/site\/wp-json\/wp\/v2\/types\/post"}],"author":[{"embeddable":true,"href":"http:\/\/www.apucarana.pr.gov.br\/site\/wp-json\/wp\/v2\/users\/4"}],"replies":[{"embeddable":true,"href":"http:\/\/www.apucarana.pr.gov.br\/site\/wp-json\/wp\/v2\/comments?post=29908"}],"version-history":[{"count":1,"href":"http:\/\/www.apucarana.pr.gov.br\/site\/wp-json\/wp\/v2\/posts\/29908\/revisions"}],"predecessor-version":[{"id":99745,"href":"http:\/\/www.apucarana.pr.gov.br\/site\/wp-json\/wp\/v2\/posts\/29908\/revisions\/99745"}],"wp:featuredmedia":[{"embeddable":true,"href":"http:\/\/www.apucarana.pr.gov.br\/site\/wp-json\/"}],"wp:attachment":[{"href":"http:\/\/www.apucarana.pr.gov.br\/site\/wp-json\/wp\/v2\/media?parent=29908"}],"wp:term":[{"taxonomy":"category","embeddable":true,"href":"http:\/\/www.apucarana.pr.gov.br\/site\/wp-json\/wp\/v2\/categories?post=29908"},{"taxonomy":"post_tag","embeddable":true,"href":"http:\/\/www.apucarana.pr.gov.br\/site\/wp-json\/wp\/v2\/tags?post=29908"}],"curies":[{"name":"wp","href":"https:\/\/api.w.org\/{rel}","templated":true}]}}