{"id":29904,"date":"2020-02-19T18:20:07","date_gmt":"2020-02-19T21:20:07","guid":{"rendered":"http:\/\/172.16.0.7\/site-antigo\/?p=29904"},"modified":"2024-10-08T09:20:27","modified_gmt":"2024-10-08T12:20:27","slug":"apucarana-disponibiliza-vacina-contra-sarampo-em-24-ubss","status":"publish","type":"post","link":"http:\/\/www.apucarana.pr.gov.br\/site\/apucarana-disponibiliza-vacina-contra-sarampo-em-24-ubss\/","title":{"rendered":"Apucarana disponibiliza vacina contra sarampo em 24 UBSs"},"content":{"rendered":"<p>A prefeitura de Apucarana, por meio da Autarquia Municipal de Sa\u00fade (AMS), est\u00e1 mobilizada para alcan\u00e7ar um grande \u00edndice de cobertura na Campanha de Vacina\u00e7\u00e3o Contra o Sarampo iniciada no \u00faltimo dia 10. A vacina est\u00e1 \u00e0 disposi\u00e7\u00e3o em 24 Unidades B\u00e1sicas de Sa\u00fade (confira quadro dos locais) de segunda a sexta-feira, de 8 horas \u00e0s 16h30.\u00a0A campanha de vacina\u00e7\u00e3o, que segue at\u00e9 dia 13 de mar\u00e7o, tem como p\u00fablico alvo pessoas de 5 a 59 anos. Balan\u00e7o dos 10 primeiros dias aponta que 2.444 pessoas foram imunizadas em Apucarana.<br \/>\nA maioria dos casos confirmados de sarampo no pa\u00eds est\u00e1 na faixa et\u00e1ria de 20 a 29 anos, por esse motivo, o Paran\u00e1 est\u00e1 vacinando todas as pessoas desse grupo. Para as demais idades, de cinco a 19 anos e dos 30 aos 59, a vacina\u00e7\u00e3o \u00e9 seletiva. \u00c9 necess\u00e1rio levar o comprovante vacinal para verifica\u00e7\u00e3o do esquema, pela unidade de sa\u00fade, pois somente ser\u00e1 imunizada a pessoa que nunca recebeu a dose ou que esteja com o esquema vacinal incompleto.<br \/>\nAp\u00f3s vinte anos sem registro de casos confirmados de Sarampo no estado, o Paran\u00e1, de acordo com o \u00faltimo boletim da Secretaria de Estado da Sa\u00fade (SESA), tem 850 casos confirmados da doen\u00e7a e outros 1.711 est\u00e3o sendo investigados.<br \/>\nEm Apucarana, segundo o diretor presidente da Autarquia Municipal de Sa\u00fade (AMS), Roberto Kaneta, n\u00e3o h\u00e1 casos da doen\u00e7a. \u201cTivemos 7 casos suspeitos, sendo que 3 foram descartados e 4 est\u00e3o sendo investigados\u201d, informa Kaneta.<br \/>\nParalelamente a mobiliza\u00e7\u00e3o da Campanha Nacional Contra o Sarampo com foco na faixa et\u00e1ria de 5 a 59 anos, o calend\u00e1rio de vacina\u00e7\u00e3o do Minist\u00e9rio da Sa\u00fade estabelece que crian\u00e7as a partir dos seis meses de idade at\u00e9 cinco anos incompletos devem ser levadas \u00e0s unidades b\u00e1sicas de sa\u00fade para serem imunizadas contra o sarampo. Trata-se da vacina tr\u00edplice viral, que tamb\u00e9m protege contra caxumba e rub\u00e9ola e est\u00e1 dispon\u00edvel regularmente em 24 unidades de sa\u00fade de Apucarana.<br \/>\n\u201cO sarampo \u00e9 uma doen\u00e7a muito perigosa e pode levar a pessoa \u00e0 morte. Por isso pedimos que os pais mantenham em dia o calend\u00e1rio de vacina\u00e7\u00e3o de seus filhos na faixa de 6 meses a 5 anos incompletos. A popula\u00e7\u00e3o de 5 a 59 anos, por sua vez, atenda o chamado desta campanha e tamb\u00e9m se protejam contra a doen\u00e7a\u201d, conclama o prefeito Junior da Femac.<br \/>\nA doen\u00e7a &#8211; Altamente contagioso, o sarampo \u00e9 transmitido atrav\u00e9s do contato com got\u00edculas do nariz, da boca ou da garganta da pessoa infectada, quando ela tosse, espirra e respira. A partir dos primeiros sintomas, \u00e9 primordial que a pessoa seja levada o mais r\u00e1pido poss\u00edvel para um diagn\u00f3stico m\u00e9dico. \u201cOs sintomas do sarampo aparecem apenas de 10 a 14 dias ap\u00f3s a exposi\u00e7\u00e3o. Eles incluem tosse, coriza, olhos inflamados, dor de garganta, febre e irrita\u00e7\u00e3o na pele com manchas vermelhas\u201d, explica Luciano Pereira da Silva, coordenador da Divis\u00e3o de Epidemiologia da AMS. O v\u00edrus do Sarampo pode levar a complica\u00e7\u00f5es como, encefalite, meningite e pneumonia.<br \/>\n&nbsp;<br \/>\n(((BOX)))<br \/>\n<strong>Confira os locais de vacina\u00e7\u00e3o:<\/strong><br \/>\nUBS MYIOJI KOGURE (JARDIM ACLIMA\u00c7\u00c3O)<br \/>\nRua: Arthur Thomas s\/n\u00ba Fone: 3901-1055<br \/>\n&nbsp;<br \/>\nUBS \u2013 DR ANTONIO SACHELLI (AVENIDA AVIA\u00c7\u00c3O, 3012 \u2013 JARDIM COLONIAL)<br \/>\n&nbsp;<br \/>\nUBS EM\u00cdLIA CRETUCHI (PARQUE BELA VISTA)<br \/>\nRua: Jo\u00e3o Matiuzzi n\u00ba279 Fone: 3901-1068<br \/>\n&nbsp;<br \/>\nUBS PADRE DOMINIQUE (CAIXA S\u00c3O PEDRO)<br \/>\nRua: Nelson Miquel\u00e3o s\/n\u00ba Fone: 3440-5007<br \/>\n&nbsp;<br \/>\nUBS MARIO VERUSSA (DISTRITO DE CORREIA DE FREITAS)<br \/>\nAvenida Get\u00falio Vargas s\/n\u00ba Fone: 3901-1067<br \/>\n&nbsp;<br \/>\nUBS EROS PACHECO (N\u00daCLEO AFONSO CAMARGO)<br \/>\nRua: Guapuruvu s\/n\u00ba Fone: 3901-1070<br \/>\n&nbsp;<br \/>\nUBS ELAYNE MAZUR (JARDIM INTERLAGOS)<br \/>\nRua: Andr\u00e9 Korilo n\u00ba1190 Fone: 3422-5708<br \/>\n&nbsp;<br \/>\nUBS EUNICE PENHARBEL (RESIDENCIAL SUMATRA)<br \/>\nRua: Ilson Ferreira Guerra s\/n Fone; 3424-2189<br \/>\n&nbsp;<br \/>\nUBS BOLIVAR PAV\u00c3O (JARDIM AM\u00c9RICA)<br \/>\nAvenida Central do Paran\u00e1 s\/n Fone: 3901-1063<br \/>\n&nbsp;<br \/>\nUBS \u2013 ANA MARIA PEPATO (JARDIM TRABALHISTA). Rua Jos\u00e9 Manoel de Oliveira &#8211; Jardim Trabalhista<br \/>\n&nbsp;<br \/>\nUBS &#8211; JOAQUIM TRIZOTTI (N\u00daCLEO ADRIANO CORREA)<br \/>\nRua: Serra do Mar s\/n\u00ba Fone: 3901-1056<br \/>\n&nbsp;<br \/>\nUBS &#8211; LEOPOLDO HARTWIG JR. (VILA NOVA)<br \/>\nRua: Marc\u00edlio Dias s\/n\u00ba Fone: 3901-1031<br \/>\n&nbsp;<br \/>\nUBS MARIA DO CAF\u00c9 (JARDIM PONTA GROSSA)<br \/>\nRua: Emiliano Perneta s\/n\u00ba Fone: 3901-1030<br \/>\n&nbsp;<br \/>\nUBS MERCEDES SILVA MORENO (VILA REGINA)<br \/>\nRua: Em\u00edlio Cretushi s\/n\u00ba Fone: 3901-1032<br \/>\n&nbsp;<br \/>\nUBS ORESTE G. MARQUITO (JARDIM MARISSOL)<br \/>\nRua: Jair Fidelis Marques s\/n\u00ba Fone: 3901-1073<br \/>\n&nbsp;<br \/>\nUBS OSVALDO DAMIN (JABOTI)<br \/>\nRua: Rol\u00e2ndia s\/n\u00ba lado da Escola \u00c9bano Pereira Fone: 3901-1035<br \/>\n&nbsp;<br \/>\nUBS MOACIR S. MASCARO (N\u00daCELO PARIGOT DE SOUZA)<br \/>\nRua: Conselheiro Zacarias s\/n\u00ba Fone: 3901-1059<br \/>\n&nbsp;<br \/>\nUBS PEDRO BARRETO (DISTRITO VILA REIS)<br \/>\nRua: Jos\u00e9 Garcia Perez s\/n\u00ba Fone: 3901-1064<br \/>\n&nbsp;<br \/>\nUBS RODRIGO TRAMONTIN YOSHII (VILA APUCARANINHA)<br \/>\nRua \u2013 S\u00e3o Carlos S\/N3901-1052<br \/>\n&nbsp;<br \/>\nUBS RAUL CASTILHO (NUCLEO JO\u00c3O PAULO)<br \/>\nRua: Rio Congonhinhas s\/n\u00ba Fone: 3901-1046<br \/>\n&nbsp;<br \/>\nUBS ROMEU MILANI<br \/>\nRua OSVALDO CRUZ (CENTRO)<br \/>\n&nbsp;<br \/>\nUBS TAKAITI MIYADI (N\u00daCLEO DOM ROMEU)<br \/>\nRua: S\u00e3o Leopoldo s\/n\u00ba Fone: 3901-1057<br \/>\n&nbsp;<br \/>\nUBS VALDECIR DE PAULA (JARDIM DAS FLORES)<br \/>\nRua: Nossa Senhora da Concei\u00e7\u00e3o s\/n\u00ba Fone: 3901-1069<br \/>\n&nbsp;<br \/>\nUBS WALTER LAZARINI (DISTRITO DE PIRAP\u00d3)<br \/>\nRua: Augusto Ferreira Chagas s\/n\u00ba Fone: 3901-1049<br \/>\n&nbsp;<\/p>\n","protected":false},"excerpt":{"rendered":"<p>As unidades de sa\u00fade est\u00e3o imunizando contra a doen\u00e7a de segunda-feira a sexta-feira, de 8 horas \u00e0s 16h30<\/p>\n","protected":false},"author":4,"featured_media":29905,"comment_status":"closed","ping_status":"open","sticky":false,"template":"","format":"standard","meta":{"footnotes":""},"categories":[24],"tags":[],"class_list":["post-29904","post","type-post","status-publish","format-standard","has-post-thumbnail","hentry","category-noticias"],"acf":[],"_links":{"self":[{"href":"http:\/\/www.apucarana.pr.gov.br\/site\/wp-json\/wp\/v2\/posts\/29904","targetHints":{"allow":["GET"]}}],"collection":[{"href":"http:\/\/www.apucarana.pr.gov.br\/site\/wp-json\/wp\/v2\/posts"}],"about":[{"href":"http:\/\/www.apucarana.pr.gov.br\/site\/wp-json\/wp\/v2\/types\/post"}],"author":[{"embeddable":true,"href":"http:\/\/www.apucarana.pr.gov.br\/site\/wp-json\/wp\/v2\/users\/4"}],"replies":[{"embeddable":true,"href":"http:\/\/www.apucarana.pr.gov.br\/site\/wp-json\/wp\/v2\/comments?post=29904"}],"version-history":[{"count":1,"href":"http:\/\/www.apucarana.pr.gov.br\/site\/wp-json\/wp\/v2\/posts\/29904\/revisions"}],"predecessor-version":[{"id":99746,"href":"http:\/\/www.apucarana.pr.gov.br\/site\/wp-json\/wp\/v2\/posts\/29904\/revisions\/99746"}],"wp:featuredmedia":[{"embeddable":true,"href":"http:\/\/www.apucarana.pr.gov.br\/site\/wp-json\/"}],"wp:attachment":[{"href":"http:\/\/www.apucarana.pr.gov.br\/site\/wp-json\/wp\/v2\/media?parent=29904"}],"wp:term":[{"taxonomy":"category","embeddable":true,"href":"http:\/\/www.apucarana.pr.gov.br\/site\/wp-json\/wp\/v2\/categories?post=29904"},{"taxonomy":"post_tag","embeddable":true,"href":"http:\/\/www.apucarana.pr.gov.br\/site\/wp-json\/wp\/v2\/tags?post=29904"}],"curies":[{"name":"wp","href":"https:\/\/api.w.org\/{rel}","templated":true}]}}