{"id":29896,"date":"2020-02-19T16:58:43","date_gmt":"2020-02-19T19:58:43","guid":{"rendered":"http:\/\/172.16.0.7\/site-antigo\/?p=29896"},"modified":"2024-10-08T09:20:27","modified_gmt":"2024-10-08T12:20:27","slug":"clima-exige-cuidados-redobrados-com-a-dengue","status":"publish","type":"post","link":"http:\/\/www.apucarana.pr.gov.br\/site\/clima-exige-cuidados-redobrados-com-a-dengue\/","title":{"rendered":"Clima exige cuidados redobrados com a dengue"},"content":{"rendered":"<p>A onda de calor e chuva que tem atingido Apucarana nos \u00faltimos dias exige cuidados redobrados com a preven\u00e7\u00e3o da dengue. O alerta \u00e9 da divis\u00e3o de combate a endemias da Autarquia Municipal de Sa\u00fade (AMS), que tem atuado diariamente com 54 agentes de campo para combater a prolifera\u00e7\u00e3o do mosquito transmissor.<br \/>\nO clima, prop\u00edcio para o avan\u00e7o da doen\u00e7a, tem preocupado as autoridades locais por isso, a exemplo do que fez no m\u00eas passado, o prefeito J\u00fanior da Femac voltou a pedir nesta quarta-feira (19\/02) engajamento da popula\u00e7\u00e3o na luta para eliminar os criadouros do mosquito Aedes Aegypti. \u201cApucarana tem conseguido manter a doen\u00e7a sob controle, mas \u00e9 imprescind\u00edvel que o alerta seja mantido 24 horas por dia. Esta \u00e9 uma luta que devemos travar juntos: Poder P\u00fablico e popula\u00e7\u00e3o. Vamos proteger nossa fam\u00edlia e nossos vizinhos para que essa doen\u00e7a n\u00e3o avance em nossa cidade\u201d, pediu o prefeito.<br \/>\nO mosquito vive por cerca de 30 dias, per\u00edodo em que voa em torno de 3 quil\u00f4metros dentro de um raio de a\u00e7\u00e3o de 150 metros. \u201cIsso significa que se o mosquito estiver numa casa, ele alcan\u00e7ar\u00e1 todos os moradores localizados nesta quadra. Ou seja, quem n\u00e3o cuida da sua resid\u00eancia coloca em risco, al\u00e9m da sua fam\u00edlia, toda a vizinhan\u00e7a. A dengue mata\u201d, observa Junior da Femac.<br \/>\nO diretor da Divis\u00e3o de Endemias da Autarquia Municipal de Sa\u00fade, Mauro Aguiar, frisa que os agentes atuam de forma setorizada. \u201cS\u00e3o cinco equipes que fazem o atendimento de toda cidade. Al\u00e9m do trabalho de segunda a sexta-feira, aos s\u00e1bados realizamos a recupera\u00e7\u00e3o da casas, retornando \u00e0s resid\u00eancias que encontramos fechadas nas visitas feitas durante a semana e tamb\u00e9m realizamos a\u00e7\u00e3o de bloqueio junto ao setor onde foi registrado casos suspeitos da doen\u00e7a\u201d, explica Aguiar.<br \/>\nAl\u00e9m das resid\u00eancias, o setor de combate a endemias de Apucarana tamb\u00e9m mapeia 150 pontos estrat\u00e9gicos com visitas quinzenais. \u201cPedimos \u00e0 popula\u00e7\u00e3o que realize limpeza peri\u00f3dica dos quintais, calhas, terrenos baldios e tamb\u00e9m a manuten\u00e7\u00e3o dos vasos de flores evitando que sejam focos de prolifera\u00e7\u00e3o do mosquito transmissor\u201d, diz o diretor municipal. Aguiar relata que os cemit\u00e9rios da cidade tamb\u00e9m est\u00e3o tendo cuidado redobrado por parte do munic\u00edpio. \u201cTratam-se de locais cr\u00edticos, que estamos atentos para evitar a presen\u00e7a de vasos e outros recipientes que possam acumular \u00e1gua\u201d, pontua.<br \/>\nDe acordo com dados da Divis\u00e3o de Endemias, em m\u00e9dia 38% dos focos da dengue s\u00e3o encontrados em ambientes externos, como lixo, sucatas, pneus, entulhos e ferro velho. Outros 30% s\u00e3o registrados nos quintais e dentro das pr\u00f3prias resid\u00eancias, como em vasos, garrafas e recipientes utilizados na alimenta\u00e7\u00e3o de c\u00e3es e gatos.<br \/>\nPneus \u2013 Grandes vil\u00f5es quando o assunto \u00e9 \u201ccriadouro de dengue\u201d, a Prefeitura de Apucarana mant\u00e9m o IBC da Vila Nova como uma central de recolhimento de pneus usados. Al\u00e9m de profissionais do setor de borracharia, o local tamb\u00e9m atende a toda popula\u00e7\u00e3o. \u201cCaso a pessoa tenha um pneu em casa, encontre jogado na rua, ou em terrenos baldios, basta levar at\u00e9 o IBC da Vila Nova, de segunda a sexta-feira, das 8 \u00e0s 14 horas, que o munic\u00edpio providencia a correta destina\u00e7\u00e3o\u201d, esclarece Aguiar.<br \/>\nDen\u00fancias \u2013 Atrav\u00e9s do telefone 3422-5888 \u2013 ramal 3048, a popula\u00e7\u00e3o pode obter informa\u00e7\u00f5es relacionadas \u00e0 preven\u00e7\u00e3o e ao controle da doen\u00e7a no munic\u00edpio. \u201cAtrav\u00e9s deste n\u00famero, os apucaranenses podem solicitar visita t\u00e9cnica dos agentes de endemias, fazer den\u00fancias, comunicar poss\u00edveis criadouros do mosquito Aedes aegypti fora das resid\u00eancias e muitas outras situa\u00e7\u00f5es que requeiram uma atua\u00e7\u00e3o dos profissionais da sa\u00fade\u201d, conclui o prefeito J\u00fanior da Femac.<\/p>\n","protected":false},"excerpt":{"rendered":"<p>De acordo com dados da Divis\u00e3o de Endemias de Apucarana, em m\u00e9dia 38% dos focos da dengue s\u00e3o encontrados em ambientes externos, como lixo, sucatas, pneus, entulhos e ferro velho. Outros 30% s\u00e3o registrados nos quintais e dentro das pr\u00f3prias resid\u00eancias (Foto: PMA\/arquivo)<\/p>\n","protected":false},"author":4,"featured_media":29899,"comment_status":"closed","ping_status":"open","sticky":false,"template":"","format":"standard","meta":{"footnotes":""},"categories":[24],"tags":[],"class_list":["post-29896","post","type-post","status-publish","format-standard","has-post-thumbnail","hentry","category-noticias"],"acf":[],"_links":{"self":[{"href":"http:\/\/www.apucarana.pr.gov.br\/site\/wp-json\/wp\/v2\/posts\/29896","targetHints":{"allow":["GET"]}}],"collection":[{"href":"http:\/\/www.apucarana.pr.gov.br\/site\/wp-json\/wp\/v2\/posts"}],"about":[{"href":"http:\/\/www.apucarana.pr.gov.br\/site\/wp-json\/wp\/v2\/types\/post"}],"author":[{"embeddable":true,"href":"http:\/\/www.apucarana.pr.gov.br\/site\/wp-json\/wp\/v2\/users\/4"}],"replies":[{"embeddable":true,"href":"http:\/\/www.apucarana.pr.gov.br\/site\/wp-json\/wp\/v2\/comments?post=29896"}],"version-history":[{"count":1,"href":"http:\/\/www.apucarana.pr.gov.br\/site\/wp-json\/wp\/v2\/posts\/29896\/revisions"}],"predecessor-version":[{"id":99747,"href":"http:\/\/www.apucarana.pr.gov.br\/site\/wp-json\/wp\/v2\/posts\/29896\/revisions\/99747"}],"wp:featuredmedia":[{"embeddable":true,"href":"http:\/\/www.apucarana.pr.gov.br\/site\/wp-json\/"}],"wp:attachment":[{"href":"http:\/\/www.apucarana.pr.gov.br\/site\/wp-json\/wp\/v2\/media?parent=29896"}],"wp:term":[{"taxonomy":"category","embeddable":true,"href":"http:\/\/www.apucarana.pr.gov.br\/site\/wp-json\/wp\/v2\/categories?post=29896"},{"taxonomy":"post_tag","embeddable":true,"href":"http:\/\/www.apucarana.pr.gov.br\/site\/wp-json\/wp\/v2\/tags?post=29896"}],"curies":[{"name":"wp","href":"https:\/\/api.w.org\/{rel}","templated":true}]}}