{"id":29864,"date":"2020-02-18T18:19:40","date_gmt":"2020-02-18T21:19:40","guid":{"rendered":"http:\/\/172.16.0.7\/site-antigo\/?p=29864"},"modified":"2024-10-08T09:20:27","modified_gmt":"2024-10-08T12:20:27","slug":"hidroginastica-e-natacao-comecam-no-lagoao","status":"publish","type":"post","link":"http:\/\/www.apucarana.pr.gov.br\/site\/hidroginastica-e-natacao-comecam-no-lagoao\/","title":{"rendered":"Hidrogin\u00e1stica e nata\u00e7\u00e3o come\u00e7am no Lago\u00e3o"},"content":{"rendered":"<p>Em Apucarana, n\u00e3o existe idade nem limites para quem quer praticar gratuitamente hidrogin\u00e1stica e nata\u00e7\u00e3o. As atividades de 2020 iniciaram nesta ter\u00e7a-feira (18\/02), na piscina aquecida localizada em anexo ao gin\u00e1sio de Esportes do Complexo Esportivo Jos\u00e9 Ant\u00f4nio Basso (Lago\u00e3o). Ao todo, est\u00e3o sendo atendidas 2.300 pessoas de diversas faixas et\u00e1rias e p\u00fablicos.<br \/>\nO prefeito de Apucarana, Junior da Femac, acompanhou o in\u00edcio dos trabalhos, acompanhado da secret\u00e1ria municipal de Esportes, Jossuela Pinheiro. \u201c\u00c9 um trabalho iniciado na gest\u00e3o Beto Preto, com a reativa\u00e7\u00e3o da piscina aquecida, e que estamos dando continuidade. As atividades acontecem em tr\u00eas turnos, de maneira que possamos contemplar os mais diversos p\u00fablicos\u201d, ressalta Junior da Femac.<br \/>\nO prefeito destaca que a hidrogin\u00e1stica e a nata\u00e7\u00e3o atendem desde crian\u00e7as, jovens, adultos, idosos, com turmas exclusivas para portadores de necessidades especiais. \u201cDesde 2017, a gest\u00e3o Beto Preto coloca em pr\u00e1tica a perspectiva da inclus\u00e3o tamb\u00e9m na nata\u00e7\u00e3o e na hidrogin\u00e1stica. H\u00e1 hor\u00e1rios exclusivos para alunos autistas, com s\u00edndrome de down e deficientes f\u00edsicos, entre outros\u201d, cita Junior da Femac.<br \/>\nTrabalhar com esse p\u00fablico tamb\u00e9m significa um desafio e mais uma oportunidade de realiza\u00e7\u00e3o profissional aos educadores. \u201c\u00c9 maravilhoso e gratificante trabalhar com as crian\u00e7as especiais. Muitas j\u00e1 se identificam com o profissional e logo o procuram para iniciar as atividades\u201d, conta a educadora f\u00edsica Helen Caroline Pereira.<br \/>\nAs atividades com o grupo especial acontecem todas as segundas-feiras, no per\u00edodo das 17h30 \u00e0s 19 horas. \u201cS\u00e3o quatro turmas que somam cerca de vinte crian\u00e7as. \u00c9 um atendimento especial, com dura\u00e7\u00e3o de 30 minutos e que re\u00fane, no m\u00e1ximo, cinco crian\u00e7as em cada sess\u00e3o. A crian\u00e7a entra na piscina acompanhada dos pais e realiza todas as atividades previstas numa aula normal, como respira\u00e7\u00e3o, bra\u00e7ada e pernada\u201d, frisa Jossuela Pinheiro, secret\u00e1ria municipal de Esportes.<br \/>\nDe acordo com ela, a hidrogin\u00e1stica e nata\u00e7\u00e3o na piscina do Lago\u00e3o acontecem em tr\u00eas per\u00edodos: manh\u00e3, tarde e noite. \u201cAs atividades come\u00e7am \u00e0s 7 da manh\u00e3 e se estendem at\u00e9 as 20h45. Ao todo, s\u00e3o 1.550 pessoas nas aulas de hidrogin\u00e1stica e 750 nas de nata\u00e7\u00e3o\u201d, afirma Jossuela, acrescentando que o atendimento \u00e9 feito por dez educadores f\u00edsicos. <\/p>\n","protected":false},"excerpt":{"rendered":"<p>Secretaria de Esportes de Apucarana oferece modalidades gratuitamente \u00e0 crian\u00e7a, jovens, adultos, idosos, com turmas exclusivas para pessoas portadoras de necessidades especiais (Foto: PMA)<\/p>\n","protected":false},"author":4,"featured_media":29866,"comment_status":"closed","ping_status":"open","sticky":false,"template":"","format":"standard","meta":{"footnotes":""},"categories":[24],"tags":[],"class_list":["post-29864","post","type-post","status-publish","format-standard","has-post-thumbnail","hentry","category-noticias"],"acf":[],"_links":{"self":[{"href":"http:\/\/www.apucarana.pr.gov.br\/site\/wp-json\/wp\/v2\/posts\/29864","targetHints":{"allow":["GET"]}}],"collection":[{"href":"http:\/\/www.apucarana.pr.gov.br\/site\/wp-json\/wp\/v2\/posts"}],"about":[{"href":"http:\/\/www.apucarana.pr.gov.br\/site\/wp-json\/wp\/v2\/types\/post"}],"author":[{"embeddable":true,"href":"http:\/\/www.apucarana.pr.gov.br\/site\/wp-json\/wp\/v2\/users\/4"}],"replies":[{"embeddable":true,"href":"http:\/\/www.apucarana.pr.gov.br\/site\/wp-json\/wp\/v2\/comments?post=29864"}],"version-history":[{"count":1,"href":"http:\/\/www.apucarana.pr.gov.br\/site\/wp-json\/wp\/v2\/posts\/29864\/revisions"}],"predecessor-version":[{"id":99749,"href":"http:\/\/www.apucarana.pr.gov.br\/site\/wp-json\/wp\/v2\/posts\/29864\/revisions\/99749"}],"wp:featuredmedia":[{"embeddable":true,"href":"http:\/\/www.apucarana.pr.gov.br\/site\/wp-json\/"}],"wp:attachment":[{"href":"http:\/\/www.apucarana.pr.gov.br\/site\/wp-json\/wp\/v2\/media?parent=29864"}],"wp:term":[{"taxonomy":"category","embeddable":true,"href":"http:\/\/www.apucarana.pr.gov.br\/site\/wp-json\/wp\/v2\/categories?post=29864"},{"taxonomy":"post_tag","embeddable":true,"href":"http:\/\/www.apucarana.pr.gov.br\/site\/wp-json\/wp\/v2\/tags?post=29864"}],"curies":[{"name":"wp","href":"https:\/\/api.w.org\/{rel}","templated":true}]}}