{"id":29858,"date":"2020-02-18T18:05:42","date_gmt":"2020-02-18T21:05:42","guid":{"rendered":"http:\/\/172.16.0.7\/site-antigo\/?p=29858"},"modified":"2024-10-08T09:20:27","modified_gmt":"2024-10-08T12:20:27","slug":"apucarana-investe-em-zeladoria-publica","status":"publish","type":"post","link":"http:\/\/www.apucarana.pr.gov.br\/site\/apucarana-investe-em-zeladoria-publica\/","title":{"rendered":"Apucarana investe em zeladoria p\u00fablica"},"content":{"rendered":"<p>A Prefeitura de Apucarana cada vez mais coloca em pr\u00e1tica o conceito de zeladoria p\u00fablica. O objetivo \u00e9 fazer a manuten\u00e7\u00e3o constante da cidade. Pelo menos dez equipes cuidam diariamente de pra\u00e7as, parques, cal\u00e7adas, pr\u00e9dios p\u00fablicos, tr\u00e2nsito, asfalto, rede de drenagem, arboriza\u00e7\u00e3o e ilumina\u00e7\u00e3o p\u00fablica.<br \/>\nO prefeito de Apucarana, Junior da Femac, reconhece que \u00e9 um desafio pois quando chega nesta \u00e9poca de chuva e calor o mato cresce rapidamente. \u201cNo entanto, trabalhamos com muito planejamento. Al\u00e9m de manter equipes pr\u00f3prias, refor\u00e7amos o trabalho com a contrata\u00e7\u00e3o de empresas terceirizadas, como acontece nas \u00e1reas de ilumina\u00e7\u00e3o p\u00fablica, ro\u00e7agem, limpeza de bueiros e poda de \u00e1rvores\u201d, observa.<br \/>\nSegundo o prefeito, diariamente as equipes est\u00e3o atuando na \u00e1rea central e mais especialmente nos bairros. \u201cA nossa administra\u00e7\u00e3o acontece do bairro para o centro. Al\u00e9m das equipes, contamos com dezenas de servidores que realizam servi\u00e7os espec\u00edficos, como pintores, eletricistas, oper\u00e1rios, auxiliares de servi\u00e7os gerais e pedreiros, entre outros\u201d, enumera Junior da Femac.<br \/>\nATUA\u00c7\u00c3O DAS EQUIPES &#8211; O diretor municipal de Servi\u00e7os P\u00fablicos, Mauro Toshio Kitano, acompanha as equipes e fez um relato de dois dias de trabalho. \u201cAs equipes de manuten\u00e7\u00e3o do asfalto fizeram a recupera\u00e7\u00e3o emergencial no Jardim Malibu e no Jardim Mon\u00e7\u00f5es, na regi\u00e3o da Vila Nova\u201d, informa.<br \/>\nA equipe pr\u00f3pria de ro\u00e7agem trabalhou nesses dias no entorno do gin\u00e1sio de esportes do Jardim Ponta Grossa, na Pra\u00e7a do CEU no Jardim Am\u00e9rica e na Pra\u00e7a da Igreja Cristo Rei no Jardim Diamantina. \u201cO Munic\u00edpio ainda tem contratada uma empresa terceirizada, que concentra os trabalhos da ro\u00e7agem em terrenos baldios\u201d, completa Toshio.<br \/>\nA Avenida Itarar\u00e9, no Jardim Ponta Grossa, tamb\u00e9m recebeu os cuidados da zeladoria municipal. \u201cUma equipe fez a limpeza da guia e a pintura do meio-fio, al\u00e9m da ro\u00e7agem da grama do canteiro central\u201d, afirma Toshio. Enquanto isso, a equipe terceirizada de limpeza de bueiros esteve na Rua Munhoz da Rocha, na \u00e1rea central. \u201cEssa empresa foi contratada para executar servi\u00e7os mais complexos, fazendo diariamente a limpeza de dezenas de metros de galerias, permitindo o escoamento da \u00e1gua das chuvas\u201d, pontua Toshio.<br \/>\nA equipe pr\u00f3pria de poda de \u00e1rvores continua executando servi\u00e7os na Pra\u00e7a Sem\u00edramis Braga (Pra\u00e7a do 28), enquanto a empresa terceirizada estava atuando no abate de um eucalipto na Rua Os\u00f3rio Ribas de Paula.<br \/>\nToshio afirma que o caminh\u00e3o-pipa adquirido recentemente est\u00e1 diariamente atuando em uma regi\u00e3o da cidade. \u201cPelo menos duas vezes por semana, ele faz a limpeza da Pra\u00e7a do 28. Nos \u00faltimos dias, ele foi utilizado na limpeza das quadras de esportes localizadas no Distrito de Caixa S\u00e3o Pedro e no N\u00facleo Habitacional Adriano Correia\u201d, cita.<br \/>\nA pintura das faixas de sinaliza\u00e7\u00e3o de tr\u00e2nsito estava sendo feita nos Jardins Sol Nascente e Primavera, na regi\u00e3o do N\u00facleo Habitacional Jo\u00e3o Paulo. Dentro do trabalho de zeladoria, a Prefeitura mant\u00e9m ainda equipes que atuam 24 horas na manuten\u00e7\u00e3o da ilumina\u00e7\u00e3o p\u00fablica, atendendo chamados e trocando l\u00e2mpadas queimadas, entre outros servi\u00e7os.<\/p>\n","protected":false},"excerpt":{"rendered":"<p>Diariamente as equipes est\u00e3o atuando na \u00e1rea central e mais especialmente nos bairros (Foto: PMA)<\/p>\n","protected":false},"author":4,"featured_media":29861,"comment_status":"closed","ping_status":"open","sticky":false,"template":"","format":"standard","meta":{"footnotes":""},"categories":[24],"tags":[],"class_list":["post-29858","post","type-post","status-publish","format-standard","has-post-thumbnail","hentry","category-noticias"],"acf":[],"_links":{"self":[{"href":"http:\/\/www.apucarana.pr.gov.br\/site\/wp-json\/wp\/v2\/posts\/29858","targetHints":{"allow":["GET"]}}],"collection":[{"href":"http:\/\/www.apucarana.pr.gov.br\/site\/wp-json\/wp\/v2\/posts"}],"about":[{"href":"http:\/\/www.apucarana.pr.gov.br\/site\/wp-json\/wp\/v2\/types\/post"}],"author":[{"embeddable":true,"href":"http:\/\/www.apucarana.pr.gov.br\/site\/wp-json\/wp\/v2\/users\/4"}],"replies":[{"embeddable":true,"href":"http:\/\/www.apucarana.pr.gov.br\/site\/wp-json\/wp\/v2\/comments?post=29858"}],"version-history":[{"count":1,"href":"http:\/\/www.apucarana.pr.gov.br\/site\/wp-json\/wp\/v2\/posts\/29858\/revisions"}],"predecessor-version":[{"id":99750,"href":"http:\/\/www.apucarana.pr.gov.br\/site\/wp-json\/wp\/v2\/posts\/29858\/revisions\/99750"}],"wp:featuredmedia":[{"embeddable":true,"href":"http:\/\/www.apucarana.pr.gov.br\/site\/wp-json\/"}],"wp:attachment":[{"href":"http:\/\/www.apucarana.pr.gov.br\/site\/wp-json\/wp\/v2\/media?parent=29858"}],"wp:term":[{"taxonomy":"category","embeddable":true,"href":"http:\/\/www.apucarana.pr.gov.br\/site\/wp-json\/wp\/v2\/categories?post=29858"},{"taxonomy":"post_tag","embeddable":true,"href":"http:\/\/www.apucarana.pr.gov.br\/site\/wp-json\/wp\/v2\/tags?post=29858"}],"curies":[{"name":"wp","href":"https:\/\/api.w.org\/{rel}","templated":true}]}}