{"id":29852,"date":"2020-02-18T16:58:41","date_gmt":"2020-02-18T19:58:41","guid":{"rendered":"http:\/\/172.16.0.7\/site-antigo\/?p=29852"},"modified":"2024-10-08T09:20:27","modified_gmt":"2024-10-08T12:20:27","slug":"rede-de-farmacias-sao-joao-abre-tres-lojas-em-apucarana","status":"publish","type":"post","link":"http:\/\/www.apucarana.pr.gov.br\/site\/rede-de-farmacias-sao-joao-abre-tres-lojas-em-apucarana\/","title":{"rendered":"Rede de farm\u00e1cias S\u00e3o Jo\u00e3o abre tr\u00eas lojas em Apucarana"},"content":{"rendered":"<p>A rede de Farm\u00e1cias S\u00e3o Jo\u00e3o, que atualmente conta com 740 lojas em mais de 200 munic\u00edpios do pa\u00eds, est\u00e1 investindo R$ 8 milh\u00f5es em tr\u00eas novas unidades em Apucarana. O gestor do grupo, Jonas Freitas, visitou hoje (18) o prefeito Junior da Femac, oficializando o convite para inaugura\u00e7\u00e3o, no pr\u00f3ximo dia 28, da primeira das tr\u00eas farm\u00e1cias da cidade, localizada na esquina das Ruas Nagib Daher com Jo\u00e3o C\u00e2ndido Ferreira.<br \/>\nA previs\u00e3o de inaugura\u00e7\u00e3o das outras duas farm\u00e1cias do grupo \u00e9 para o final de mar\u00e7o, uma da Rua Severino Cerutti e outra na esquina da Avenida Minas Gerais com a Rua Firman Neto. \u201cPara n\u00f3s \u00e9 uma satisfa\u00e7\u00e3o grande ver que Apucarana est\u00e1 sendo notada para investimentos de grupos do pa\u00eds e de exterior em diferentes \u00e1reas, seja na ind\u00fastria, na agroind\u00fastria, na constru\u00e7\u00e3o e no com\u00e9rcio. A exemplo de outros investidores, o grupo da rede de farm\u00e1cias S\u00e3o Jo\u00e3o teve todo suporte da prefeitura para se instalar em Apucarana, por meio do Idepplan e das secretarias da Ind\u00fastria e Com\u00e9rcio e do Meio Ambiente\u201d, informa\u00a0o prefeito Junior da Femac.<br \/>\nO prefeito destaca as oportunidades de emprego que as tr\u00eas farm\u00e1cias v\u00e3o gerar aos apucaranenses. \u201cS\u00e3o cerca de 120 vagas\u201d, comemora Junior da Femac. \u201cDentro do plano de expans\u00e3o no Paran\u00e1, um estudo do grupo de farm\u00e1cias S\u00e3o Jo\u00e3o apontou a for\u00e7a econ\u00f4mica de Apucarana e a viabilidade de entrar no nosso mercado se tornou uma prioridade\u201d,\u00a0afirma\u00a0Junior da Femac.<br \/>\n<strong>\u00a0<\/strong><\/p>\n","protected":false},"excerpt":{"rendered":"<p>Grupo do Rio Grande do Sul est\u00e1 investindo R$ 8 milh\u00f5es na cidade e oferta 120 vagas de emprego<\/p>\n","protected":false},"author":4,"featured_media":29853,"comment_status":"closed","ping_status":"open","sticky":false,"template":"","format":"standard","meta":{"footnotes":""},"categories":[24],"tags":[],"class_list":["post-29852","post","type-post","status-publish","format-standard","has-post-thumbnail","hentry","category-noticias"],"acf":[],"_links":{"self":[{"href":"http:\/\/www.apucarana.pr.gov.br\/site\/wp-json\/wp\/v2\/posts\/29852","targetHints":{"allow":["GET"]}}],"collection":[{"href":"http:\/\/www.apucarana.pr.gov.br\/site\/wp-json\/wp\/v2\/posts"}],"about":[{"href":"http:\/\/www.apucarana.pr.gov.br\/site\/wp-json\/wp\/v2\/types\/post"}],"author":[{"embeddable":true,"href":"http:\/\/www.apucarana.pr.gov.br\/site\/wp-json\/wp\/v2\/users\/4"}],"replies":[{"embeddable":true,"href":"http:\/\/www.apucarana.pr.gov.br\/site\/wp-json\/wp\/v2\/comments?post=29852"}],"version-history":[{"count":1,"href":"http:\/\/www.apucarana.pr.gov.br\/site\/wp-json\/wp\/v2\/posts\/29852\/revisions"}],"predecessor-version":[{"id":99751,"href":"http:\/\/www.apucarana.pr.gov.br\/site\/wp-json\/wp\/v2\/posts\/29852\/revisions\/99751"}],"wp:featuredmedia":[{"embeddable":true,"href":"http:\/\/www.apucarana.pr.gov.br\/site\/wp-json\/"}],"wp:attachment":[{"href":"http:\/\/www.apucarana.pr.gov.br\/site\/wp-json\/wp\/v2\/media?parent=29852"}],"wp:term":[{"taxonomy":"category","embeddable":true,"href":"http:\/\/www.apucarana.pr.gov.br\/site\/wp-json\/wp\/v2\/categories?post=29852"},{"taxonomy":"post_tag","embeddable":true,"href":"http:\/\/www.apucarana.pr.gov.br\/site\/wp-json\/wp\/v2\/tags?post=29852"}],"curies":[{"name":"wp","href":"https:\/\/api.w.org\/{rel}","templated":true}]}}