{"id":29841,"date":"2020-02-17T17:43:46","date_gmt":"2020-02-17T20:43:46","guid":{"rendered":"http:\/\/172.16.0.7\/site-antigo\/?p=29841"},"modified":"2024-10-08T09:20:27","modified_gmt":"2024-10-08T12:20:27","slug":"expoagri-apucarana-2020-ja-tem-data-definida","status":"publish","type":"post","link":"http:\/\/www.apucarana.pr.gov.br\/site\/expoagri-apucarana-2020-ja-tem-data-definida\/","title":{"rendered":"Expoagri Apucarana 2020 j\u00e1 tem data definida"},"content":{"rendered":"<p>A Expoagri Apucarana 2020, tradicional exposi\u00e7\u00e3o de trabalhos dos alunos da escola-fazenda do Col\u00e9gio Estadual Agr\u00edcola Manoel Ribas, vai acontecer de 18 a 20 de junho. A oficializa\u00e7\u00e3o da data aconteceu nesta segunda-feira (17\/02), no gabinete municipal, durante a primeira reuni\u00e3o de organiza\u00e7\u00e3o que contou com a participa\u00e7\u00e3o do prefeito J\u00fanior da Femac, da secretaria da Promo\u00e7\u00e3o Art\u00edstica, Cultural e Tur\u00edstica (Promatur), Maria Agar Borba, da diretora-geral do col\u00e9gio, professora Rosiney Pimenta, do diretor-pedag\u00f3gico professor Anderson Belini e do diretor da fazenda-escola, professor J\u00falio C\u00e9sar Pedroso.<br \/>\nDesde o ano passado, o evento conta com parceria da Prefeitura de Apucarana o que propiciou a expans\u00e3o da programa\u00e7\u00e3o com a inclus\u00e3o de atra\u00e7\u00f5es culturais da cena sertaneja e gastron\u00f4micas. \u201cAtrav\u00e9s da Expoagri Apucarana 2019, mostramos ao Paran\u00e1 e ao Brasil a tradi\u00e7\u00e3o e a for\u00e7a do munic\u00edpio na agropecu\u00e1ria ligada ao ensino, dando uma visibilidade ainda maior ao col\u00e9gio estadual agr\u00edcola\u201d, pontua o prefeito J\u00fanior da Femac, salientando que o agroneg\u00f3cio \u00e9 um dos destaques da economia apucaranense que, nos \u00faltimos anos atrav\u00e9s da gest\u00e3o Beto Preto, ganhou a Secretaria Municipal da Agricultura e o Programa Terra Forte, que estimula a fruticultura, a cafeicultura e avicultura junto \u00e0 agricultura familiar. \u201cA parceria com o col\u00e9gio agr\u00edcola foi um sucesso, com grandes resultados e todos os objetivos alcan\u00e7ados\u201d frisou o prefeito.<br \/>\nOutra meta do novo formato da Expoagri Apucarana foi celebrar com a popula\u00e7\u00e3o da cidade e regi\u00e3o a cultura sertaneja. \u201cPor isto, na edi\u00e7\u00e3o de junho vamos manter os mesmos moldes da do ano passado, com shows de talentos e tamb\u00e9m com cantores sertanejos de destaque nacional. Al\u00e9m de um evento t\u00e9cnico tradicional, baseado no ensino e na pesquisa agropecu\u00e1ria, a Expoagri Apucarana tornou-se um momento para celebrar a cultura sertaneja, com todas as suas riquezas, envolvendo a fam\u00edlia rural de toda a regi\u00e3o\u201d, destaca J\u00fanior da Femac, lembrando que nos tr\u00eas dias de evento do ano passado, mais de 30 mil pessoas prestigiaram a exposi\u00e7\u00e3o.<br \/>\nO apoio da Prefeitura de Apucarana foi enaltecido pela diretora-geral do col\u00e9gio, Rosiney Pimenta. \u201cNosso evento ganhou muito com esta parceria. A edi\u00e7\u00e3o 2019 foi muito bem organizada e nosso col\u00e9gio ganhou em visibilidade, tendo como reflexo imediato o aumento no n\u00famero de alunos matriculados j\u00e1 neste primeiro semestre\u201d, revela a diretora.<br \/>\nO n\u00famero de alunos matriculados saltou de 228, no ano passado, para 368 em 2020. \u201cO crescimento de 62% na procura se deve a a\u00e7\u00f5es que aumentaram a visibilidade do col\u00e9gio, como a realiza\u00e7\u00e3o de shows art\u00edsticos junto com a Expoagri e visitas de divulga\u00e7\u00e3o aos munic\u00edpios\u201d, concluiu a Rosiney Pimenta. Atualmente s\u00e3o 289 alunos no curso T\u00e9cnico em Agropecu\u00e1ria, 54 no curso T\u00e9cnico em Meio Ambiente e ainda 25 matr\u00edculas de um projeto especial de treinamento esportivo. Os alunos s\u00e3o oriundos de cerca de 60 munic\u00edpios. \u201cA maioria vem do Estado do Paran\u00e1, mas tamb\u00e9m temos alunos do Mato Grosso, S\u00e3o Paulo e tamb\u00e9m um que morava na divisa com o Paraguai e que veio junto com os pais morar em Apucarana para fazer o curso\u201d, conclui a diretora.<\/p>\n","protected":false},"excerpt":{"rendered":"<p>Desde o ano passado, evento do Col\u00e9gio Estadual Agr\u00edcola Manoel Ribas conta com parceria da Prefeitura de Apucarana o que propiciou a expans\u00e3o da programa\u00e7\u00e3o (Foto: PMA)<\/p>\n","protected":false},"author":4,"featured_media":29842,"comment_status":"closed","ping_status":"open","sticky":false,"template":"","format":"standard","meta":{"footnotes":""},"categories":[24],"tags":[],"class_list":["post-29841","post","type-post","status-publish","format-standard","has-post-thumbnail","hentry","category-noticias"],"acf":[],"_links":{"self":[{"href":"http:\/\/www.apucarana.pr.gov.br\/site\/wp-json\/wp\/v2\/posts\/29841","targetHints":{"allow":["GET"]}}],"collection":[{"href":"http:\/\/www.apucarana.pr.gov.br\/site\/wp-json\/wp\/v2\/posts"}],"about":[{"href":"http:\/\/www.apucarana.pr.gov.br\/site\/wp-json\/wp\/v2\/types\/post"}],"author":[{"embeddable":true,"href":"http:\/\/www.apucarana.pr.gov.br\/site\/wp-json\/wp\/v2\/users\/4"}],"replies":[{"embeddable":true,"href":"http:\/\/www.apucarana.pr.gov.br\/site\/wp-json\/wp\/v2\/comments?post=29841"}],"version-history":[{"count":1,"href":"http:\/\/www.apucarana.pr.gov.br\/site\/wp-json\/wp\/v2\/posts\/29841\/revisions"}],"predecessor-version":[{"id":99753,"href":"http:\/\/www.apucarana.pr.gov.br\/site\/wp-json\/wp\/v2\/posts\/29841\/revisions\/99753"}],"wp:featuredmedia":[{"embeddable":true,"href":"http:\/\/www.apucarana.pr.gov.br\/site\/wp-json\/"}],"wp:attachment":[{"href":"http:\/\/www.apucarana.pr.gov.br\/site\/wp-json\/wp\/v2\/media?parent=29841"}],"wp:term":[{"taxonomy":"category","embeddable":true,"href":"http:\/\/www.apucarana.pr.gov.br\/site\/wp-json\/wp\/v2\/categories?post=29841"},{"taxonomy":"post_tag","embeddable":true,"href":"http:\/\/www.apucarana.pr.gov.br\/site\/wp-json\/wp\/v2\/tags?post=29841"}],"curies":[{"name":"wp","href":"https:\/\/api.w.org\/{rel}","templated":true}]}}