{"id":29836,"date":"2020-02-17T16:08:16","date_gmt":"2020-02-17T19:08:16","guid":{"rendered":"http:\/\/172.16.0.7\/site-antigo\/?p=29836"},"modified":"2024-10-08T09:20:27","modified_gmt":"2024-10-08T12:20:27","slug":"equipe-de-apucarana-e-campea-na-prova-quinzinha-de-atletismo","status":"publish","type":"post","link":"http:\/\/www.apucarana.pr.gov.br\/site\/equipe-de-apucarana-e-campea-na-prova-quinzinha-de-atletismo\/","title":{"rendered":"Equipe de Apucarana \u00e9 campe\u00e3 na Prova Quinzinha de atletismo"},"content":{"rendered":"<p>Representada por 21 atletas, a equipe da Secretaria Municipal de Esportes da Prefeitura de Apucarana conquistou o t\u00edtulo geral na Prova Pedestre Quinzinha, realizada neste s\u00e1bado (15 de fevereiro), em Corn\u00e9lio Proc\u00f3pio, com a presen\u00e7a de cerca de 150 atletas. A equipe de C\u00e2ndido Mota-SP foi \u00e0 segunda colocada.<br \/>\nA professora Jossuela Pinheiro, Secret\u00e1ria Municipal de Esportes, disse que mais uma vez a equipe conseguiu bons resultados para o munic\u00edpio. \u201cSe destacamos na S\u00e3o Silvestrinha e na Vinteotinha, e agora os nossos atletas mostraram todo o potencial na Quinzinha. Isso \u00e9 fruto de um trabalho s\u00e9rio e feito com carinho na gest\u00e3o Beto Preto e do prefeito Junior da Femac\u201d, disse Jossuela.<br \/>\nO professor Jos\u00e9 Marcelino da Silva, o Grillo, coordenador geral de atletismo do munic\u00edpio, destacou que a equipe vive um grande momento e tem superado todas as expectativas. \u201cEm Corn\u00e9lio Proc\u00f3pio conseguimos quatro p\u00f3dios e mostramos que estamos no caminho certo. Agora \u00e9 dar seq\u00fc\u00eancia nos treinamentos e buscar outros bons resultados nas provas que vir\u00e3o pela frente\u201d, ressaltou Grillo.<br \/>\nNa prova realizada neste s\u00e1bado, destaques para os atletas Pedro Henrich Machado de Oliveira, Felipe Gabriel dos Santos Cruz, Gabriely Eduarda dos Santos de Souza e Madelaine Gomes da Silva, que competiram na categoria de 10 a 12 anos, com percurso de 500 metros.<br \/>\nPedro foi campe\u00e3o em sua categoria. No final do m\u00eas passado, ele havia ficado em primeiro lugar na Prova Vinteotinha, em Apucarana. Felipe Gabriel e Gabrielly conquistaram a segunda coloca\u00e7\u00e3o e Madelaine foi \u00e0 terceira colocada.<br \/>\nOs demais resultados dos apucaranenses foram os seguintes: categoria de 10 a 12 anos \u2013 feminino: Jady Maria Neves da Silva (4), Andrelize Pereira da Cruz (5) e Isabela Silva Gon\u00e7alves (6); masculino: Luis Felipe da Silva (4), Yohan Gabriel Oliveira (6) e Luiz Henrique Silva (7).<br \/>\nCategoria de 13 a 15 anos, com percurso de 1 quil\u00f4metro \u2013 feminino: Raissa Fernandes (13), Marya Eduarda Lima (14), Maria Eduarda Andrade (19) e Luiza Freitas (20); masculino \u2013 Guilherme Barbosa (5), Jos\u00e9 Vitor Ribeiro (8), Clayton Gomes Maciel (9), Jean Carlos Nunes (14), Cauan Carlos da Silva (18), Samuel Silva Biz (23) e Thalis Henrique Fernandes (25).<br \/>\nAs pr\u00f3ximas competi\u00e7\u00f5es dos apucaranenses v\u00e3o ocorrer nos dias 15 e 16 de abril no Festival de Atletismo em Campo Mour\u00e3o e no dia 19 de abril na Corrida R\u00fastica Tiradentes em Maring\u00e1.<br \/>\nA equipe de atletismo da Secretaria Municipal de Esportes de Apucarana tem o comando dos professores Grillo e Maicon Diego Maciel.<\/p>\n","protected":false},"excerpt":{"rendered":"<p>A equipe de atletismo da Secretaria Municipal de Esportes de Apucarana tem o comando dos professores Grillo e Maicon Diego Maciel (Foto: PMA)<\/p>\n","protected":false},"author":4,"featured_media":29839,"comment_status":"closed","ping_status":"open","sticky":false,"template":"","format":"standard","meta":{"footnotes":""},"categories":[24],"tags":[],"class_list":["post-29836","post","type-post","status-publish","format-standard","has-post-thumbnail","hentry","category-noticias"],"acf":[],"_links":{"self":[{"href":"http:\/\/www.apucarana.pr.gov.br\/site\/wp-json\/wp\/v2\/posts\/29836","targetHints":{"allow":["GET"]}}],"collection":[{"href":"http:\/\/www.apucarana.pr.gov.br\/site\/wp-json\/wp\/v2\/posts"}],"about":[{"href":"http:\/\/www.apucarana.pr.gov.br\/site\/wp-json\/wp\/v2\/types\/post"}],"author":[{"embeddable":true,"href":"http:\/\/www.apucarana.pr.gov.br\/site\/wp-json\/wp\/v2\/users\/4"}],"replies":[{"embeddable":true,"href":"http:\/\/www.apucarana.pr.gov.br\/site\/wp-json\/wp\/v2\/comments?post=29836"}],"version-history":[{"count":1,"href":"http:\/\/www.apucarana.pr.gov.br\/site\/wp-json\/wp\/v2\/posts\/29836\/revisions"}],"predecessor-version":[{"id":99754,"href":"http:\/\/www.apucarana.pr.gov.br\/site\/wp-json\/wp\/v2\/posts\/29836\/revisions\/99754"}],"wp:featuredmedia":[{"embeddable":true,"href":"http:\/\/www.apucarana.pr.gov.br\/site\/wp-json\/"}],"wp:attachment":[{"href":"http:\/\/www.apucarana.pr.gov.br\/site\/wp-json\/wp\/v2\/media?parent=29836"}],"wp:term":[{"taxonomy":"category","embeddable":true,"href":"http:\/\/www.apucarana.pr.gov.br\/site\/wp-json\/wp\/v2\/categories?post=29836"},{"taxonomy":"post_tag","embeddable":true,"href":"http:\/\/www.apucarana.pr.gov.br\/site\/wp-json\/wp\/v2\/tags?post=29836"}],"curies":[{"name":"wp","href":"https:\/\/api.w.org\/{rel}","templated":true}]}}