{"id":29830,"date":"2020-02-17T15:35:56","date_gmt":"2020-02-17T18:35:56","guid":{"rendered":"http:\/\/172.16.0.7\/site-antigo\/?p=29830"},"modified":"2024-10-08T09:20:28","modified_gmt":"2024-10-08T12:20:28","slug":"agencia-do-trabalhador-intermedia-a-contratacao-de-121-pessoas-para-atacarejo","status":"publish","type":"post","link":"http:\/\/www.apucarana.pr.gov.br\/site\/agencia-do-trabalhador-intermedia-a-contratacao-de-121-pessoas-para-atacarejo\/","title":{"rendered":"Ag\u00eancia do Trabalhador intermedia a contrata\u00e7\u00e3o de 121 pessoas para \u201catacarejo\u201d"},"content":{"rendered":"<p>A Ag\u00eancia do Trabalhador de Apucarana fez um plant\u00e3o neste final de semana, visando o preenchimento de 121 vagas oferecidas pela Rede Verona Supermercados. A intermedia\u00e7\u00e3o, que prosseguiu nesta segunda-feira (17\/02), foi para diversas fun\u00e7\u00f5es a serem exercidas no denominado \u201catacarejo\u201d, unidade que a empresa abrir\u00e1 at\u00e9 o final de mar\u00e7o em Apucarana.<br \/>\nO prefeito Junior da Femac afirma que a empresa escolheu Apucarana devido \u00e0 pujan\u00e7a econ\u00f4mica da cidade. \u201cO Grupo Verona est\u00e1 investindo R$ 12 milh\u00f5es no empreendimento, pois acreditou no potencial da cidade e no momento vivido por Apucarana. Agora, o Munic\u00edpio est\u00e1 contribuindo na sele\u00e7\u00e3o da m\u00e3o-de-obra, atrav\u00e9s de uma parceria entre a Ag\u00eancia do Trabalhador e o setor de Recursos Humanos da empresa\u201d, frisa Junior da Femac.<br \/>\nDe acordo com Edison Estrope, secret\u00e1rio municipal de Ind\u00fastria, Com\u00e9rcio e do Emprego, a parceria buscou facilitar a capta\u00e7\u00e3o das vagas. \u201cAo inv\u00e9s da empresa buscar esses profissionais no mercado, o Munic\u00edpio se colocou \u00e0 disposi\u00e7\u00e3o para dar o apoio, buscando facilitar ao m\u00e1ximo na hora da contrata\u00e7\u00e3o dos funcion\u00e1rios&#8221;, reitera Estrope.<br \/>\nSegundo F\u00e1bio Marcel, diretor da Ag\u00eancia do Trabalhador, o plant\u00e3o foi realizado no s\u00e1bado, no per\u00edodo das 8 horas \u00e0s 12h30. \u201cNossa equipe recebeu os curr\u00edculos e fez uma triagem. Ap\u00f3s essa pr\u00e9via-avalia\u00e7\u00e3o, os trabalhadores foram encaminhados para a entrevista com a Rosana Marcolino e o Eros Kendi, do RH da empresa\u201d, explica Marcel, informando que inicialmente as vagas solicitadas foram 121, mas podem chegar a 130.<br \/>\nO empreendimento, que traz para cidade uma das modalidades de com\u00e9rcio que mais cresce no Brasil, ter\u00e1 5,6 mil metros quadrados de \u00e1rea constru\u00edda em terreno de 7,8 mil metros quadrados localizado na Avenida Governador Roberto da Silveira, aos fundos do Condom\u00ednio Solar da Toscana, pr\u00f3ximo \u00e0 entrada do N\u00facleo Habitacional Papa Jo\u00e3o Paulo I.<br \/>\nO segmento de \u201catacarejo\u201d mescla atributos de atacado e varejo. Com custo operacional inferior aos dos supermercados tradicionais, a modalidade propicia pre\u00e7os mais baixos para o consumidor final. Com investimento na ordem de R$12 milh\u00f5es, a instala\u00e7\u00e3o da 14\u00aa unidade da rede \u00e9 uma parceria com a I-Glade Empreendimentos Imobili\u00e1rios, de Apucarana, propriet\u00e1ria da \u00e1rea.<br \/>\nQuando anunciaram a instala\u00e7\u00e3o da empresa, em agosto de 2018, os propriet\u00e1rios afirmaram que investir em Apucarana era um antigo sonho do grupo. \u201cO momento favor\u00e1vel por que passa Apucarana, a partir do trabalho dos gestores atuais, foi preponderante para tomarmos esta decis\u00e3o agora. Apucarana \u00e9 um grande mercado em potencial\u201d, assinalou \u00e0 \u00e9poca, Waldir Vecchiate Sanches, s\u00f3cio-propriet\u00e1rio da rede.  De acordo com ele, desde o primeiro contato foi muito bem recebido pela administra\u00e7\u00e3o municipal. \u201cPrimeiro pelo ent\u00e3o prefeito Beto Preto e agora pelo prefeito J\u00fanior da Femac\u201d, afirmou.<br \/>\nSanches relata que a rede Verona iniciou em Arapongas h\u00e1 28 anos, \u201conde temos lojas e nosso centro de distribui\u00e7\u00e3o, mas hoje estamos tamb\u00e9m em Tel\u00eamaco Borba, Mau\u00e1 da Serra, Astorga e Sab\u00e1udia. Ser\u00e1 uma loja moderna, com a\u00e7ougue, padaria, estacionamento. Ser\u00e1 tamb\u00e9m o primeiro grande atacarejo da rede, pois temos uma unidade pequena na nossa cidade-sede\u201d, concluiu o empres\u00e1rio.<\/p>\n","protected":false},"excerpt":{"rendered":"<p>O empreendimento ter\u00e1 5,6 mil metros quadrados de \u00e1rea constru\u00edda em terreno de 7,8 mil metros quadrados localizado na Avenida Governador Roberto da Silveira, aos fundos do Condom\u00ednio Solar da Toscana, pr\u00f3ximo \u00e0 entrada do N\u00facleo Habitacional Papa Jo\u00e3o Paulo I (Foto: PMA)<\/p>\n","protected":false},"author":4,"featured_media":29834,"comment_status":"closed","ping_status":"open","sticky":false,"template":"","format":"standard","meta":{"footnotes":""},"categories":[24],"tags":[],"class_list":["post-29830","post","type-post","status-publish","format-standard","has-post-thumbnail","hentry","category-noticias"],"acf":[],"_links":{"self":[{"href":"http:\/\/www.apucarana.pr.gov.br\/site\/wp-json\/wp\/v2\/posts\/29830","targetHints":{"allow":["GET"]}}],"collection":[{"href":"http:\/\/www.apucarana.pr.gov.br\/site\/wp-json\/wp\/v2\/posts"}],"about":[{"href":"http:\/\/www.apucarana.pr.gov.br\/site\/wp-json\/wp\/v2\/types\/post"}],"author":[{"embeddable":true,"href":"http:\/\/www.apucarana.pr.gov.br\/site\/wp-json\/wp\/v2\/users\/4"}],"replies":[{"embeddable":true,"href":"http:\/\/www.apucarana.pr.gov.br\/site\/wp-json\/wp\/v2\/comments?post=29830"}],"version-history":[{"count":1,"href":"http:\/\/www.apucarana.pr.gov.br\/site\/wp-json\/wp\/v2\/posts\/29830\/revisions"}],"predecessor-version":[{"id":99755,"href":"http:\/\/www.apucarana.pr.gov.br\/site\/wp-json\/wp\/v2\/posts\/29830\/revisions\/99755"}],"wp:featuredmedia":[{"embeddable":true,"href":"http:\/\/www.apucarana.pr.gov.br\/site\/wp-json\/"}],"wp:attachment":[{"href":"http:\/\/www.apucarana.pr.gov.br\/site\/wp-json\/wp\/v2\/media?parent=29830"}],"wp:term":[{"taxonomy":"category","embeddable":true,"href":"http:\/\/www.apucarana.pr.gov.br\/site\/wp-json\/wp\/v2\/categories?post=29830"},{"taxonomy":"post_tag","embeddable":true,"href":"http:\/\/www.apucarana.pr.gov.br\/site\/wp-json\/wp\/v2\/tags?post=29830"}],"curies":[{"name":"wp","href":"https:\/\/api.w.org\/{rel}","templated":true}]}}