{"id":29826,"date":"2020-02-17T14:28:47","date_gmt":"2020-02-17T17:28:47","guid":{"rendered":"http:\/\/172.16.0.7\/site-antigo\/?p=29826"},"modified":"2024-10-08T09:20:28","modified_gmt":"2024-10-08T12:20:28","slug":"aulas-de-natacao-reiniciam-no-complexo-esportivo-lagoao","status":"publish","type":"post","link":"http:\/\/www.apucarana.pr.gov.br\/site\/aulas-de-natacao-reiniciam-no-complexo-esportivo-lagoao\/","title":{"rendered":"Aulas de nata\u00e7\u00e3o reiniciam no Complexo Esportivo Lago\u00e3o"},"content":{"rendered":"<p>Reiniciam nesta ter\u00e7a-feira (18\/02), a partir das 8 horas, as aulas de nata\u00e7\u00e3o na piscina do Complexo Esportivo Lago\u00e3o. Cerca de 1.200 pessoas compareceram na semana passada no gin\u00e1sio de esportes Jos\u00e9 Ant\u00f4nio Basso (Lago\u00e3o), em Apucarana, para efetivar as inscri\u00e7\u00f5es para a temporada 2020 visando \u00e0 participa\u00e7\u00e3o nas atividades de nata\u00e7\u00e3o, oferecidas gratuitamente pela Secretaria Municipal de Esportes da Prefeitura.<br \/>\nA Secret\u00e1ria Municipal de Esportes, professora Jossuela Pinheiro, lembra que as aulas ser\u00e3o realizadas em turmas nas categorias menores e adulto. \u201cSe inscreveram crian\u00e7as, adolescentes, adultos e idosos, com as atividades ocorrendo em todos os turnos. V\u00e3o acontecer as atividades pela manh\u00e3, tarde e noite. Houve uma procura muito grande nas aulas de hidrogin\u00e1stica e na nata\u00e7\u00e3o n\u00e3o foi diferente. A gest\u00e3o Beto Preto e do prefeito Junior da Femac investem no esporte em todas as modalidades se preocupando com o bem estar e a sa\u00fade da popula\u00e7\u00e3o apucaranense\u201d, frisa Jossuela.<br \/>\nAl\u00e9m de aquecida, a piscina semiol\u00edmpica \u00e9 coberta, podendo ser utilizada durante todos os meses do ano. Reformada e reinaugurada na gest\u00e3o Beto Preto, a atividade \u00e9 uma das mais procuradas no munic\u00edpio.<br \/>\nDe 2013 para c\u00e1 a piscina j\u00e1 sediou as disputas da nata\u00e7\u00e3o nos Jogos Abertos do Paran\u00e1 (JAPS), Jogos da Juventude do Paran\u00e1 (JOJUPS), Jogos Escolares do Paran\u00e1 (JEPS) e alguns festivais com a presen\u00e7a de atletas da cidade e regi\u00e3o.<br \/>\nMais informa\u00e7\u00f5es sobre as aulas de nata\u00e7\u00e3o no Lago\u00e3o podem ser obtidas na Secretaria Municipal de Esportes da Prefeitura de Apucarana, anexa ao Centro Esportivo Alex Mazaron, na rua Piratininga, n\u00famero 464, Jardim Diamantina, ou pelo telefone 3422-5184, em hor\u00e1rio comercial.<\/p>\n","protected":false},"excerpt":{"rendered":"<p>Se inscreveram crian\u00e7as, adolescentes, adultos e idosos, com as atividades ocorrendo em todos os turnos (Foto: PMA\/arquivo)<\/p>\n","protected":false},"author":4,"featured_media":29827,"comment_status":"closed","ping_status":"open","sticky":false,"template":"","format":"standard","meta":{"footnotes":""},"categories":[24],"tags":[],"class_list":["post-29826","post","type-post","status-publish","format-standard","has-post-thumbnail","hentry","category-noticias"],"acf":[],"_links":{"self":[{"href":"http:\/\/www.apucarana.pr.gov.br\/site\/wp-json\/wp\/v2\/posts\/29826","targetHints":{"allow":["GET"]}}],"collection":[{"href":"http:\/\/www.apucarana.pr.gov.br\/site\/wp-json\/wp\/v2\/posts"}],"about":[{"href":"http:\/\/www.apucarana.pr.gov.br\/site\/wp-json\/wp\/v2\/types\/post"}],"author":[{"embeddable":true,"href":"http:\/\/www.apucarana.pr.gov.br\/site\/wp-json\/wp\/v2\/users\/4"}],"replies":[{"embeddable":true,"href":"http:\/\/www.apucarana.pr.gov.br\/site\/wp-json\/wp\/v2\/comments?post=29826"}],"version-history":[{"count":1,"href":"http:\/\/www.apucarana.pr.gov.br\/site\/wp-json\/wp\/v2\/posts\/29826\/revisions"}],"predecessor-version":[{"id":99756,"href":"http:\/\/www.apucarana.pr.gov.br\/site\/wp-json\/wp\/v2\/posts\/29826\/revisions\/99756"}],"wp:featuredmedia":[{"embeddable":true,"href":"http:\/\/www.apucarana.pr.gov.br\/site\/wp-json\/"}],"wp:attachment":[{"href":"http:\/\/www.apucarana.pr.gov.br\/site\/wp-json\/wp\/v2\/media?parent=29826"}],"wp:term":[{"taxonomy":"category","embeddable":true,"href":"http:\/\/www.apucarana.pr.gov.br\/site\/wp-json\/wp\/v2\/categories?post=29826"},{"taxonomy":"post_tag","embeddable":true,"href":"http:\/\/www.apucarana.pr.gov.br\/site\/wp-json\/wp\/v2\/tags?post=29826"}],"curies":[{"name":"wp","href":"https:\/\/api.w.org\/{rel}","templated":true}]}}