{"id":29811,"date":"2020-02-17T11:05:31","date_gmt":"2020-02-17T14:05:31","guid":{"rendered":"http:\/\/172.16.0.7\/site-antigo\/?p=29811"},"modified":"2024-10-08T09:20:28","modified_gmt":"2024-10-08T12:20:28","slug":"santuario-sao-jose-promove-noite-de-louvor-com-cantor-thiago-brado","status":"publish","type":"post","link":"http:\/\/www.apucarana.pr.gov.br\/site\/santuario-sao-jose-promove-noite-de-louvor-com-cantor-thiago-brado\/","title":{"rendered":"Santu\u00e1rio S\u00e3o Jos\u00e9 promove \u201cnoite  de louvor\u201d com cantor Thiago Brado"},"content":{"rendered":"<p>Thiago Brado, um dos principais cantores cat\u00f3licos da atualidade no Brasil, estar\u00e1 em Apucarana no dia 27 de fevereiro. O evento acontecer\u00e1 \u00a0a partir das 20 horas no Santu\u00e1rio S\u00e3o Jos\u00e9. Al\u00e9m da apresenta\u00e7\u00e3o das suas m\u00fasicas, como o sucesso \u201cMinha Ess\u00eancia\u201d, haver\u00e1 ora\u00e7\u00f5es, prega\u00e7\u00e3o e testemunho.<br \/>\nA \u201cNoite de Louvor\u201d \u00e9 uma promo\u00e7\u00e3o do Grupo de Ora\u00e7\u00e3o S\u00e3o Jos\u00e9 Marello, do Santu\u00e1rio S\u00e3o Jos\u00e9, de Apucarana, com apoio da Prefeitura de Apucarana, atrav\u00e9s da Secretaria da Promo\u00e7\u00e3o Art\u00edstica, Cultural e Tur\u00edstica de\u00a0Apucarana\u00a0(Promatur)<br \/>\nDe acordo com M\u00e1rio Felipe, coordenador municipal de turismo, \u00e9 esperado um p\u00fablico de cerca de quatro mil pessoas. \u201cVir\u00e3o caravanas de todo o Paran\u00e1. A Noite de Louvor acontecer\u00e1 em dois ambientes, dentro e nas imedia\u00e7\u00f5es do Santu\u00e1rio S\u00e3o Jos\u00e9. Para que todos possam acompanhar, ser\u00e1 instalado um tel\u00e3o do lado de fora e, para isso, a Rua Dom Jos\u00e9 Marello ser\u00e1 impedida neste dia\u201d, detalha M\u00e1rio Felipe, salientando que o evento ajudar\u00e1 a divulgar o santu\u00e1rio e o turismo religioso em Apucarana.<br \/>\nThiago Brado nasceu em Cianorte e descobriu seu interesse pela m\u00fasica na adolesc\u00eancia. Seu primeiro instrumento foi a guitarra, presente e incentivo de sua bisav\u00f3. Entre tocar com os amigos da escola e animar sua comunidade paroquial, Thiago aos poucos desenvolvia-se musicalmente e espiritualmente. No ano de 2012, ap\u00f3s interromper seu curso superior na \u00e1rea de tecnologia, entrou em est\u00fadio para gravar seu primeiro \u00e1lbum autoral \u201cO c\u00e9u \u00e9 o meu caminho\u201d e\u00a0 a partir de ent\u00e3o seguiu com a vida mission\u00e1ria.<br \/>\nConhecido por muitos devido ao sucesso da can\u00e7\u00e3o \u201cMinha Ess\u00eancia\u201d, seu primeiro grande hit (2013), Thiago \u00e9 autor de noventa por cento de seu repert\u00f3rio. Sua discografia \u00e9 composta pelos \u00e1lbuns \u201c O C\u00e9u \u00e9 o meu Caminho, \u201cEu me Rendo\u201d, \u201cSele\u00e7\u00e3o\u201d, \u201cDVD Pulsar ao Vivo\u201d\u201d e o seu mais recente trabalho, \u201c DVD Sopro\u201d.<br \/>\nConforme M\u00e1rio Felipe, Thiago \u00e9 um cantor e compositor que faz muito sucesso nas redes sociais. \u201cSeu canal no You Tube tem milh\u00f5es de visualiza\u00e7\u00f5es e suas m\u00fasicas mais conhecidas s\u00e3o Minha Ess\u00eancia, Verdades do Tempo, Meu Alvo, N\u00e3o Estou S\u00f3 e Nova Manh\u00e3, entre outras\u201d, cita M\u00e1rio Felipe.<br \/>\nThiago tamb\u00e9m se aventurou na literatura. Em 2017 lan\u00e7ou seu primeiro livro, a f\u00e1bula \u201cO Monge e a Coruja\u201d, que j\u00e1 se encontra na 3\u00aa \u00a0edi\u00e7\u00e3o e, em 2018 tamb\u00e9m pela Editora Planeta, lan\u00e7ou o segundo livro intitulado \u201cMinha Ess\u00eancia\u201c.<br \/>\n&nbsp;<\/p>\n","protected":false},"excerpt":{"rendered":"<p>O evento acontecer\u00e1 no dia 27 de fevereiro, a partir das 20 horas, no Santu\u00e1rio S\u00e3o Jos\u00e9.<\/p>\n","protected":false},"author":4,"featured_media":29812,"comment_status":"closed","ping_status":"open","sticky":false,"template":"","format":"standard","meta":{"footnotes":""},"categories":[24],"tags":[],"class_list":["post-29811","post","type-post","status-publish","format-standard","has-post-thumbnail","hentry","category-noticias"],"acf":[],"_links":{"self":[{"href":"http:\/\/www.apucarana.pr.gov.br\/site\/wp-json\/wp\/v2\/posts\/29811","targetHints":{"allow":["GET"]}}],"collection":[{"href":"http:\/\/www.apucarana.pr.gov.br\/site\/wp-json\/wp\/v2\/posts"}],"about":[{"href":"http:\/\/www.apucarana.pr.gov.br\/site\/wp-json\/wp\/v2\/types\/post"}],"author":[{"embeddable":true,"href":"http:\/\/www.apucarana.pr.gov.br\/site\/wp-json\/wp\/v2\/users\/4"}],"replies":[{"embeddable":true,"href":"http:\/\/www.apucarana.pr.gov.br\/site\/wp-json\/wp\/v2\/comments?post=29811"}],"version-history":[{"count":1,"href":"http:\/\/www.apucarana.pr.gov.br\/site\/wp-json\/wp\/v2\/posts\/29811\/revisions"}],"predecessor-version":[{"id":99758,"href":"http:\/\/www.apucarana.pr.gov.br\/site\/wp-json\/wp\/v2\/posts\/29811\/revisions\/99758"}],"wp:featuredmedia":[{"embeddable":true,"href":"http:\/\/www.apucarana.pr.gov.br\/site\/wp-json\/"}],"wp:attachment":[{"href":"http:\/\/www.apucarana.pr.gov.br\/site\/wp-json\/wp\/v2\/media?parent=29811"}],"wp:term":[{"taxonomy":"category","embeddable":true,"href":"http:\/\/www.apucarana.pr.gov.br\/site\/wp-json\/wp\/v2\/categories?post=29811"},{"taxonomy":"post_tag","embeddable":true,"href":"http:\/\/www.apucarana.pr.gov.br\/site\/wp-json\/wp\/v2\/tags?post=29811"}],"curies":[{"name":"wp","href":"https:\/\/api.w.org\/{rel}","templated":true}]}}