{"id":29801,"date":"2020-02-15T14:49:07","date_gmt":"2020-02-15T16:49:07","guid":{"rendered":"http:\/\/172.16.0.7\/site-antigo\/?p=29801"},"modified":"2024-10-08T09:20:28","modified_gmt":"2024-10-08T12:20:28","slug":"prefeito-inaugura-quadra-poliesportiva-no-distrito-de-caixa-sao-pedro","status":"publish","type":"post","link":"http:\/\/www.apucarana.pr.gov.br\/site\/prefeito-inaugura-quadra-poliesportiva-no-distrito-de-caixa-sao-pedro\/","title":{"rendered":"Prefeito inaugura quadra poliesportiva no distrito de Caixa S\u00e3o Pedro"},"content":{"rendered":"<p>O prefeito Junior da Femac inaugurou neste s\u00e1bado pela manh\u00e3 (15\/02), a obra da quadra poliesportiva Adelino Valentim Miquel\u00e3o, no distrito da Caixa S\u00e3o Pedro, em Apucarana. A revitaliza\u00e7\u00e3o incluiu melhorias gerais da quadra, al\u00e9m da constru\u00e7\u00e3o de vesti\u00e1rios e sanit\u00e1rios. A benfeitoria teve investimento de R$ 131.901,86 com recursos pr\u00f3prios do munic\u00edpio. A obra foi executada pela empresa Belga Latina Constru\u00e7\u00f5es Eireli.<br \/>\nTamb\u00e9m participaram da solenidade, a secret\u00e1ria municipal de esportes, Jossuela Pinheiro, o vereador Franciley Preto Godoi, o Poim, a diretora da Escola Municipal Wilson de Azevedo, Vera L\u00facia de Paula, a diretoria do CMEI, Suzi de Lima Sartori, a pastora Viviane, o di\u00e1cono Raimundo Ribeiro e os familiares do homenageado, al\u00e9m de v\u00e1rios secret\u00e1rios municipais e demais autoridades.<br \/>\nO prefeito Junior da Femac diz que tem um carinho especial pela comunidade da Caixa S\u00e3o Pedro, pois sua m\u00e3e \u2013 Maria Toschi \u2013 nasceu no distrito e seu av\u00f4 \u2013 Luiz Toschi \u2013 foi um dos pioneiros. Antes do seu discurso ele pediu um minuto de sil\u00eancio em mem\u00f3ria ao enfermeiro Lauro Alberto Vieira dos Santos, que faleceu recentemente num acidente automobil\u00edstico.<br \/>\nLauro era chefe na Unidade B\u00e1sica de Sa\u00fade (UBS) de Caixa S\u00e3o Pedro, e no Pronto Atendimento Municipal (PAM) de Mandaguari.<br \/>\nJunior enalteceu o trabalho do homenageado Adelino Miquel\u00e3o, que d\u00e1 o nome a quadra poliesportiva. \u201cEle (Adelino) dedicou uma vida inteira ao distrito e essa homenagem \u00e9 mais do que justa. Sou neto dessa terra, por isso a Caixa S\u00e3o Pedro \u00e9 a nossa for\u00e7a\u201d, destacou o prefeito.<br \/>\nDurante a solenidade, Junior da Femac comentou que o distrito receber\u00e1 outras benfeitorias, como a constru\u00e7\u00e3o de casas, a capela mortu\u00e1ria e obras no campo de futebol. \u201cComo neto da terra, vamos ficar unidos, vamos ficar firmes, defendendo a Caixa S\u00e3o Pedro e Apucarana\u201d, frisou Junior da Femac.<br \/>\nJossuela Pinheiro, secret\u00e1ria municipal de esportes, disse que a quadra atender\u00e1 toda a comunidade do distrito. \u201cForam quarenta anos de espera, mas gra\u00e7as a Gest\u00e3o Beto Preto e do prefeito Junior da Femac, a quadra est\u00e1 pronta para atender todas as pessoas do distrito. Estamos fazendo um trabalho firme, forte e determinado, oferecendo mais qualidade de vida para as crian\u00e7as, adolescentes em todas as modalidades, oportunizando tamb\u00e9m a utiliza\u00e7\u00e3o da quadra pelos alunos da escola municipal, para os moradores pe\u00e7o que ajudem a cuidar da pra\u00e7a esportiva\u201d, ressaltou Jossuela.<br \/>\nO vereador Poim, que teve a ideia de homenagear o saudoso Adelino Miquel\u00e3o, disse que o morador da Caixa S\u00e3o Pedro tamb\u00e9m ter\u00e1 mais qualidade de vida com a reforma do local. \u201cQuem ganha muito com essa obra, principalmente s\u00e3o as crian\u00e7as, que ter\u00e3o um local adequado para praticar esportes. Agrade\u00e7o todos os secret\u00e1rios do munic\u00edpio e a fam\u00edlia Miquel\u00e3o. Estou feliz pela Caixa S\u00e3o Pedro por ter recebido esta obra t\u00e3o importante\u201d, frisou o vereador.<br \/>\nMaria de Lourdes Miquel\u00e3o, filha de Adelino, destacou que ficou muito contente com a homenagem que foi feita para o seu pai. \u201cCom muita alegria estou aqui neste momento. O meu pai viu Apucarana crescer e ele merece esta homenagem. Sempre acompanhou o esporte do distrito e para mim \u00e9 uma honra estar aqui como representante da fam\u00edlia\u201d, finalizou Maria de Lourdes.<br \/>\nO HOMENAGEADO \u2013 Adelino Valentim Miquel\u00e3o residiu h\u00e1 mais de 70 anos no distrito. Acompanhado dos pais Jo\u00e3o e Rosa Miquel\u00e3o, Adelino chegou, aos 14 anos, na localidade que se tornou Caixa S\u00e3o Pedro, no dia 3 de outubro de 1938, de onde nunca saiu. Foi testemunha viva do surgimento do munic\u00edpio de Apucarana, j\u00e1 que o distrito se formou primeiro que a cidade, sempre trabalhando na zona rural.<br \/>\nViveu o auge da agricultura cafeeira nas d\u00e9cadas de 60 e 70. Adelino morou h\u00e1 mais de 50 anos na mesma casa, na Fazenda Ficheira. Ele, que era paulista de Piraju\u00ed, faleceu no dia 1\u00ba de maio de 2014.<br \/>\nAdelino deixou seis 6 filhos, 17 netos e 14 bisnetos.<\/p>\n","protected":false},"excerpt":{"rendered":"<p>Distrito receber\u00e1 outras benfeitorias, como a constru\u00e7\u00e3o de casas, a capela mortu\u00e1ria e obras no campo de futebol (Foto: PMA)<\/p>\n","protected":false},"author":4,"featured_media":29803,"comment_status":"closed","ping_status":"open","sticky":false,"template":"","format":"standard","meta":{"footnotes":""},"categories":[24],"tags":[],"class_list":["post-29801","post","type-post","status-publish","format-standard","has-post-thumbnail","hentry","category-noticias"],"acf":[],"_links":{"self":[{"href":"http:\/\/www.apucarana.pr.gov.br\/site\/wp-json\/wp\/v2\/posts\/29801","targetHints":{"allow":["GET"]}}],"collection":[{"href":"http:\/\/www.apucarana.pr.gov.br\/site\/wp-json\/wp\/v2\/posts"}],"about":[{"href":"http:\/\/www.apucarana.pr.gov.br\/site\/wp-json\/wp\/v2\/types\/post"}],"author":[{"embeddable":true,"href":"http:\/\/www.apucarana.pr.gov.br\/site\/wp-json\/wp\/v2\/users\/4"}],"replies":[{"embeddable":true,"href":"http:\/\/www.apucarana.pr.gov.br\/site\/wp-json\/wp\/v2\/comments?post=29801"}],"version-history":[{"count":1,"href":"http:\/\/www.apucarana.pr.gov.br\/site\/wp-json\/wp\/v2\/posts\/29801\/revisions"}],"predecessor-version":[{"id":99759,"href":"http:\/\/www.apucarana.pr.gov.br\/site\/wp-json\/wp\/v2\/posts\/29801\/revisions\/99759"}],"wp:featuredmedia":[{"embeddable":true,"href":"http:\/\/www.apucarana.pr.gov.br\/site\/wp-json\/"}],"wp:attachment":[{"href":"http:\/\/www.apucarana.pr.gov.br\/site\/wp-json\/wp\/v2\/media?parent=29801"}],"wp:term":[{"taxonomy":"category","embeddable":true,"href":"http:\/\/www.apucarana.pr.gov.br\/site\/wp-json\/wp\/v2\/categories?post=29801"},{"taxonomy":"post_tag","embeddable":true,"href":"http:\/\/www.apucarana.pr.gov.br\/site\/wp-json\/wp\/v2\/tags?post=29801"}],"curies":[{"name":"wp","href":"https:\/\/api.w.org\/{rel}","templated":true}]}}