{"id":29797,"date":"2020-02-14T19:21:16","date_gmt":"2020-02-14T21:21:16","guid":{"rendered":"http:\/\/172.16.0.7\/site-antigo\/?p=29797"},"modified":"2024-10-08T09:20:28","modified_gmt":"2024-10-08T12:20:28","slug":"prefeitura-garante-r13-milhao-a-entidades-sociais","status":"publish","type":"post","link":"http:\/\/www.apucarana.pr.gov.br\/site\/prefeitura-garante-r13-milhao-a-entidades-sociais\/","title":{"rendered":"Prefeitura garante R$1,3 milh\u00e3o a entidades sociais"},"content":{"rendered":"<p>O prefeito J\u00fanior da Femac encaminhou nesta sexta-feira (14\/02) para aprecia\u00e7\u00e3o dos vereadores, o Projeto de Lei n\u00ba 005\/2020, que concede subven\u00e7\u00e3o social a 13 entidades sociais de Apucarana com plano de trabalho aprovado junto ao Conselho Municipal da Assist\u00eancia Social. O montante, que ser\u00e1 repassado em parcelas no per\u00edodo de 12 meses, \u00e9 na ordem de R$1.310.702,28. \u201cEssas institui\u00e7\u00f5es s\u00e3o riquezas de Apucarana, prestando servi\u00e7os imprescind\u00edveis para a cidade nas mais diversas \u00e1reas, como por exemplo, atendimento social, capacita\u00e7\u00e3o profissional, promo\u00e7\u00e3o da sa\u00fade, acolhimento e abrigo de pessoas, por isso a gest\u00e3o Beto Preto procura estar sempre pr\u00f3xima, valorizando o grande trabalho realizado por todas elas\u201d, relata o prefeito.<br \/>\nAl\u00e9m do apoio institucional, J\u00fanior lembra que uma das formas de valorizar \u00e9 atrav\u00e9s do repasse financeiro, chamado de subven\u00e7\u00e3o social. \u201cNo decorrer do mandato, com apoio dos vereadores, aumentamos significativamente o montante deste repasse, que \u00e9 oriundo do or\u00e7amento municipal e chega via Fundo Municipal da Assist\u00eancia Social\u201d, lembra J\u00fanior da Femac.<br \/>\nSegundo relat\u00f3rio divulgado pela Secretaria Municipal da Assist\u00eancia Social, o crescimento das subven\u00e7\u00f5es sociais em compara\u00e7\u00e3o ao que era repassado por outras gest\u00f5es, mais que dobrou. \u201cEm 2012, \u00faltimo repasse antes da gest\u00e3o Beto Preto\/J\u00fanior da Femac, o valor que chegou \u00e0s entidades foi de R$516.092,32\u201d, revela Ana Paula Nazarko, secret\u00e1ria Municipal da Assist\u00eancia Social.<br \/>\nEla frisa que sempre foi uma determina\u00e7\u00e3o da atual administra\u00e7\u00e3o empenho em atender \u00e0s necessidades das entidades. \u201cNo ano passado conseguimos R$850.232,25 do or\u00e7amento e, neste exerc\u00edcio, gra\u00e7as \u00e0 sequ\u00eancia dos trabalhos da gest\u00e3o Beto Preto pelo prefeito J\u00fanior da Femac, o munic\u00edpio destaca R$1,3 milh\u00e3o, que sem d\u00favidas vai ser um diferencial importante para todas essas entidades ao longo de 2020\u201d, disse a secret\u00e1ria.<br \/>\nA aprecia\u00e7\u00e3o da mat\u00e9ria na C\u00e2mara Municipal deve acontecer j\u00e1 na pr\u00f3xima semana atrav\u00e9s de sess\u00f5es extraordin\u00e1rias. \u201cMais uma vez esperamos contar com o apoio dos nove vereadores da base, que verdadeiramente representam os desejos da popula\u00e7\u00e3o e querem que Apucarana e suas institui\u00e7\u00f5es continuem se desenvolvimento, para que possamos repassar o quanto antes estes recursos\u201d, concluiu o prefeito J\u00fanior da Femac.<br \/>\nAs entidades benefici\u00e1rias com as subven\u00e7\u00f5es sociais s\u00e3o: Apae, Adefiap, Associa\u00e7\u00e3o Kara T\u00ea Vida, C.A.S.A., Ceprhusb, Cepes, CICCAK Allan Kardec, Comander, Edhucca, Fachisa, Hospital Nossa Senhora das Gra\u00e7as, Lar S\u00e3o Vicente de Paulo e Resid\u00eancia Inclusiva Casa do Dod\u00f4.<br \/>\nA divis\u00e3o dos recursos leva em considera\u00e7\u00e3o o n\u00famero de pessoas atendidas. O dinheiro deve ser aplicado de acordo com o plano aprovado pelo conselho e a fiscaliza\u00e7\u00e3o \u00e9 feita pela Controladoria Interna da prefeitura. A presta\u00e7\u00e3o de contas da aplica\u00e7\u00e3o das subven\u00e7\u00f5es tamb\u00e9m \u00e9 mensal e acompanhada pelo Tribunal de Contas do Estado (TCE-PR).<\/p>\n","protected":false},"excerpt":{"rendered":"<p>Recurso vai atender institui\u00e7\u00f5es que atuam no atendimento social, capacita\u00e7\u00e3o profissional, promo\u00e7\u00e3o da sa\u00fade, acolhimento e abrigo de pessoas (Foto: PMA)<\/p>\n","protected":false},"author":4,"featured_media":29799,"comment_status":"closed","ping_status":"open","sticky":false,"template":"","format":"standard","meta":{"footnotes":""},"categories":[24],"tags":[],"class_list":["post-29797","post","type-post","status-publish","format-standard","has-post-thumbnail","hentry","category-noticias"],"acf":[],"_links":{"self":[{"href":"http:\/\/www.apucarana.pr.gov.br\/site\/wp-json\/wp\/v2\/posts\/29797","targetHints":{"allow":["GET"]}}],"collection":[{"href":"http:\/\/www.apucarana.pr.gov.br\/site\/wp-json\/wp\/v2\/posts"}],"about":[{"href":"http:\/\/www.apucarana.pr.gov.br\/site\/wp-json\/wp\/v2\/types\/post"}],"author":[{"embeddable":true,"href":"http:\/\/www.apucarana.pr.gov.br\/site\/wp-json\/wp\/v2\/users\/4"}],"replies":[{"embeddable":true,"href":"http:\/\/www.apucarana.pr.gov.br\/site\/wp-json\/wp\/v2\/comments?post=29797"}],"version-history":[{"count":1,"href":"http:\/\/www.apucarana.pr.gov.br\/site\/wp-json\/wp\/v2\/posts\/29797\/revisions"}],"predecessor-version":[{"id":99760,"href":"http:\/\/www.apucarana.pr.gov.br\/site\/wp-json\/wp\/v2\/posts\/29797\/revisions\/99760"}],"wp:featuredmedia":[{"embeddable":true,"href":"http:\/\/www.apucarana.pr.gov.br\/site\/wp-json\/"}],"wp:attachment":[{"href":"http:\/\/www.apucarana.pr.gov.br\/site\/wp-json\/wp\/v2\/media?parent=29797"}],"wp:term":[{"taxonomy":"category","embeddable":true,"href":"http:\/\/www.apucarana.pr.gov.br\/site\/wp-json\/wp\/v2\/categories?post=29797"},{"taxonomy":"post_tag","embeddable":true,"href":"http:\/\/www.apucarana.pr.gov.br\/site\/wp-json\/wp\/v2\/tags?post=29797"}],"curies":[{"name":"wp","href":"https:\/\/api.w.org\/{rel}","templated":true}]}}