{"id":29791,"date":"2020-02-14T17:35:24","date_gmt":"2020-02-14T19:35:24","guid":{"rendered":"http:\/\/172.16.0.7\/site-antigo\/?p=29791"},"modified":"2024-10-08T09:20:28","modified_gmt":"2024-10-08T12:20:28","slug":"apucarana-inscreve-para-aulas-de-ginastica","status":"publish","type":"post","link":"http:\/\/www.apucarana.pr.gov.br\/site\/apucarana-inscreve-para-aulas-de-ginastica\/","title":{"rendered":"Apucarana inscreve para aulas de gin\u00e1stica"},"content":{"rendered":"<p>Ser\u00e3o abertas nesta segunda-feira (17 de fevereiro), as inscri\u00e7\u00f5es da escolinha de gin\u00e1stica art\u00edstica e gin\u00e1stica r\u00edtmica (GR), que funciona no Complexo Esportivo Lago\u00e3o. As atividades iniciam no dia 9 de mar\u00e7o, com o comando das professoras Neusa Maria da Silva, Jane Jaqueline de Souza e Eliete Aparecida de Souza.<br \/>\nA professora Jossuela Pinheiro, secret\u00e1ria municipal de Esportes, disse que as aulas de gin\u00e1stica s\u00e3o abertas para alunos de 6 a 13 anos de idade, com os treinos acontecendo as segundas, ter\u00e7as, quartas, quintas e aos s\u00e1bados. \u201cA gin\u00e1stica \u00e9 aberta para toda a comunidade e hoje j\u00e1 conta com a presen\u00e7a de mais de 200 alunos. A cada ano que passa h\u00e1 um aumento significativo de alunos, com alguns deles j\u00e1 tendo disputado os Jogos Oficiais do Estado. Al\u00e9m disso, j\u00e1 realizamos dois festivais, num evento muito bonito, atrativo e que tr\u00e1s muitas fam\u00edlias ao gin\u00e1sio do Lago\u00e3o. Isso \u00e9 um trabalho s\u00e9rio do nosso esporte na gest\u00e3o Beto Preto e Junior da Femac\u201d, destaca Jossuela.<br \/>\nA rela\u00e7\u00e3o de aulas durante a semana \u00e9 a seguinte: segunda e quarta-feira das 8 \u00e0s 11 horas (treinamento); segunda-feira das 13h30 \u00e0s 15 horas (treinamento); quarta-feira das 15 \u00e0s 16 horas (inicia\u00e7\u00e3o); ter\u00e7a e quinta-feira das 8h40 \u00e0s 9h40 (inicia\u00e7\u00e3o avan\u00e7ada), das 9h50 \u00e0s 10h50 (inicia\u00e7\u00e3o), das 13h30 \u00e0s 14h30, das 14h40 \u00e0s 15h40, das 15h50 \u00e0s 16h50 e das 17 horas \u00e0s 18 horas (inicia\u00e7\u00e3o).<br \/>\nNo s\u00e1bado os hor\u00e1rios da gin\u00e1stica s\u00e3o: 8h30 \u00e0s 9h30 (inicia\u00e7\u00e3o avan\u00e7ada); e das 9h40 \u00e0s 10h40 (inicia\u00e7\u00e3o).<br \/>\nMais informa\u00e7\u00f5es podem ser obtidas na Secretaria Municipal de Esportes da Prefeitura de Apucarana, anexa ao Centro Esportivo Alex Mazaron, na rua Piratininga, n\u00famero 464, Jardim Diamantina, ou pelo telefone 3422-5184, em hor\u00e1rio comercial.<\/p>\n","protected":false},"excerpt":{"rendered":"<p>A professora Jossuela Pinheiro, secret\u00e1ria municipal de Esportes, disse que as aulas de gin\u00e1stica s\u00e3o abertas para alunos de 6 a 13 anos de idade, com os treinos acontecendo as segundas, ter\u00e7as, quartas, quintas e aos s\u00e1bados (Foto: PMA)<\/p>\n","protected":false},"author":4,"featured_media":29793,"comment_status":"closed","ping_status":"open","sticky":false,"template":"","format":"standard","meta":{"footnotes":""},"categories":[24],"tags":[],"class_list":["post-29791","post","type-post","status-publish","format-standard","has-post-thumbnail","hentry","category-noticias"],"acf":[],"_links":{"self":[{"href":"http:\/\/www.apucarana.pr.gov.br\/site\/wp-json\/wp\/v2\/posts\/29791","targetHints":{"allow":["GET"]}}],"collection":[{"href":"http:\/\/www.apucarana.pr.gov.br\/site\/wp-json\/wp\/v2\/posts"}],"about":[{"href":"http:\/\/www.apucarana.pr.gov.br\/site\/wp-json\/wp\/v2\/types\/post"}],"author":[{"embeddable":true,"href":"http:\/\/www.apucarana.pr.gov.br\/site\/wp-json\/wp\/v2\/users\/4"}],"replies":[{"embeddable":true,"href":"http:\/\/www.apucarana.pr.gov.br\/site\/wp-json\/wp\/v2\/comments?post=29791"}],"version-history":[{"count":1,"href":"http:\/\/www.apucarana.pr.gov.br\/site\/wp-json\/wp\/v2\/posts\/29791\/revisions"}],"predecessor-version":[{"id":99762,"href":"http:\/\/www.apucarana.pr.gov.br\/site\/wp-json\/wp\/v2\/posts\/29791\/revisions\/99762"}],"wp:featuredmedia":[{"embeddable":true,"href":"http:\/\/www.apucarana.pr.gov.br\/site\/wp-json\/"}],"wp:attachment":[{"href":"http:\/\/www.apucarana.pr.gov.br\/site\/wp-json\/wp\/v2\/media?parent=29791"}],"wp:term":[{"taxonomy":"category","embeddable":true,"href":"http:\/\/www.apucarana.pr.gov.br\/site\/wp-json\/wp\/v2\/categories?post=29791"},{"taxonomy":"post_tag","embeddable":true,"href":"http:\/\/www.apucarana.pr.gov.br\/site\/wp-json\/wp\/v2\/tags?post=29791"}],"curies":[{"name":"wp","href":"https:\/\/api.w.org\/{rel}","templated":true}]}}