{"id":29777,"date":"2020-02-14T16:48:50","date_gmt":"2020-02-14T18:48:50","guid":{"rendered":"http:\/\/172.16.0.7\/site-antigo\/?p=29777"},"modified":"2024-10-08T09:20:28","modified_gmt":"2024-10-08T12:20:28","slug":"amanha-e-dia-d-da-vacinacao-contra-sarampo","status":"publish","type":"post","link":"http:\/\/www.apucarana.pr.gov.br\/site\/amanha-e-dia-d-da-vacinacao-contra-sarampo\/","title":{"rendered":"Amanh\u00e3 \u00e9 Dia D da vacina\u00e7\u00e3o contra sarampo"},"content":{"rendered":"<p>O Dia D Campanha Nacional de Vacina\u00e7\u00e3o Contra o Sarampo, amanh\u00e3 (15) vai mobilizar 8 Unidades B\u00e1sicas de Sa\u00fade de Apucarana. O atendimento ser\u00e1 de 8 horas \u00e0s 17 horas nas UBS Maria do Caf\u00e9 (Jardim Ponta Grossa); Antonio Sachelli (Jardim Colonial), Raul Castilho (N\u00facleo Habitacional Jo\u00e3o Paulo), Elayne Mazur (Jardim Interlagos), Romeu Milani (Rua Osvaldo Cruz, centro), Pedro Barreto (Distrito da Vila Reis), Takaiti Myadi (N\u00facleo Habitacional Dom Romeu), e na Marcos Sanches Mascaro (N\u00facleo Habitacional Parigot de Souza).<br \/>\nO prefeito Junior da Femac conclama a popula\u00e7\u00e3o que se enquadra no p\u00fablico alvo da campanha que aproveite o hor\u00e1rio diferenciado de atendimento nas UBS neste s\u00e1bado para se proteger da doen\u00e7a.<br \/>\nA campanha tem como p\u00fablico alvo pessoas de 5 a 59 anos. A maioria dos casos confirmados de sarampo est\u00e1 na faixa et\u00e1ria de 20 a 29 anos, por esse motivo, o Paran\u00e1 est\u00e1 vacinando todas as pessoas desse grupo.<br \/>\nPara as demais idades, de cinco a 19 anos e dos 30 aos 59, a vacina\u00e7\u00e3o \u00e9 seletiva. \u00c9 necess\u00e1rio levar o comprovante vacinal para verifica\u00e7\u00e3o do esquema, pela unidade de sa\u00fade, pois somente ser\u00e1 imunizada a pessoa que nunca recebeu a dose ou que esteja com o esquema vacinal incompleto.<br \/>\nEm Apucarana, segundo o diretor presidente da Autarquia Municipal de Sa\u00fade (AMS), Roberto Kaneta, n\u00e3o h\u00e1 casos da doen\u00e7a. \u201cTivemos 7 casos suspeitos, sendo que 3 foram descartados e 4 est\u00e3o sendo investigados\u201d, informa Kaneta.<br \/>\nDe acordo com o \u00faltimo boletim da Secretaria de Estado da Sa\u00fade (SESA), o Paran\u00e1 tem 850 casos confirmados da doen\u00e7a e outros 1.711 est\u00e3o sendo investigados. A Campanha Nacional de Vacina\u00e7\u00e3o Contra o Sarampo segue at\u00e9 o dia 13 de mar\u00e7o.<br \/>\n&nbsp;<\/p>\n","protected":false},"excerpt":{"rendered":"<p>Oito UBSs ficam abertas em Apucarana neste s\u00e1bado, de 8 horas \u00e0s 17 horas, para imuniza\u00e7\u00e3o dentro da Campanha Nacional de Vacina\u00e7\u00e3o Contra o Sarampo<\/p>\n","protected":false},"author":4,"featured_media":29778,"comment_status":"closed","ping_status":"open","sticky":false,"template":"","format":"standard","meta":{"footnotes":""},"categories":[24],"tags":[],"class_list":["post-29777","post","type-post","status-publish","format-standard","has-post-thumbnail","hentry","category-noticias"],"acf":[],"_links":{"self":[{"href":"http:\/\/www.apucarana.pr.gov.br\/site\/wp-json\/wp\/v2\/posts\/29777","targetHints":{"allow":["GET"]}}],"collection":[{"href":"http:\/\/www.apucarana.pr.gov.br\/site\/wp-json\/wp\/v2\/posts"}],"about":[{"href":"http:\/\/www.apucarana.pr.gov.br\/site\/wp-json\/wp\/v2\/types\/post"}],"author":[{"embeddable":true,"href":"http:\/\/www.apucarana.pr.gov.br\/site\/wp-json\/wp\/v2\/users\/4"}],"replies":[{"embeddable":true,"href":"http:\/\/www.apucarana.pr.gov.br\/site\/wp-json\/wp\/v2\/comments?post=29777"}],"version-history":[{"count":1,"href":"http:\/\/www.apucarana.pr.gov.br\/site\/wp-json\/wp\/v2\/posts\/29777\/revisions"}],"predecessor-version":[{"id":99764,"href":"http:\/\/www.apucarana.pr.gov.br\/site\/wp-json\/wp\/v2\/posts\/29777\/revisions\/99764"}],"wp:featuredmedia":[{"embeddable":true,"href":"http:\/\/www.apucarana.pr.gov.br\/site\/wp-json\/"}],"wp:attachment":[{"href":"http:\/\/www.apucarana.pr.gov.br\/site\/wp-json\/wp\/v2\/media?parent=29777"}],"wp:term":[{"taxonomy":"category","embeddable":true,"href":"http:\/\/www.apucarana.pr.gov.br\/site\/wp-json\/wp\/v2\/categories?post=29777"},{"taxonomy":"post_tag","embeddable":true,"href":"http:\/\/www.apucarana.pr.gov.br\/site\/wp-json\/wp\/v2\/tags?post=29777"}],"curies":[{"name":"wp","href":"https:\/\/api.w.org\/{rel}","templated":true}]}}