{"id":29773,"date":"2020-02-14T16:29:11","date_gmt":"2020-02-14T18:29:11","guid":{"rendered":"http:\/\/172.16.0.7\/site-antigo\/?p=29773"},"modified":"2024-10-08T09:20:28","modified_gmt":"2024-10-08T12:20:28","slug":"fase-municipal-dos-jeps-abre-as-inscricoes-segunda-feira","status":"publish","type":"post","link":"http:\/\/www.apucarana.pr.gov.br\/site\/fase-municipal-dos-jeps-abre-as-inscricoes-segunda-feira\/","title":{"rendered":"Fase municipal dos JEP\u00b4s abre as inscri\u00e7\u00f5es segunda-feira"},"content":{"rendered":"<p>A Secretaria Municipal de Esportes da Prefeitura de Apucarana comunica que as inscri\u00e7\u00f5es da fase municipal dos Jogos Escolares do Paran\u00e1 (JEP\u00b4s), ser\u00e3o abertas nesta segunda-feira (17 de fevereiro). A professora Jossuela Pinheiro, secret\u00e1ria municipal de Esportes, destaca que as inscri\u00e7\u00f5es ficar\u00e3o abertas at\u00e9 o dia 10 de mar\u00e7o, pelas categorias A (de 15 a 17 anos) e B (de 12 a 14 anos), masculino e feminino.<br \/>\nSegundo Jossuela, o congresso t\u00e9cnico est\u00e1 marcado para o dia 17 de mar\u00e7o, \u00e0s 14 horas, no Centro Esportivo Alex Mazaron (Ceja), na rua Piratininga, n\u00famero 464, Jardim Diamantina. \u201cA gest\u00e3o Beto Preto e o prefeito Junior da Femac tamb\u00e9m d\u00e3o total apoio aos alunos atletas de nosso munic\u00edpio. Os Jogos Escolares do Paran\u00e1 t\u00eam tradi\u00e7\u00e3o e a Secretaria de Esportes realiza a competi\u00e7\u00e3o com muito carinho numa parceria com o N\u00facleo Regional de Educa\u00e7\u00e3o\u201d, frisa Jossuela.<br \/>\nA fase municipal dos JEP\u00b4s ser\u00e1 disputada nas modalidades de basquetebol, futsal, handebol, v\u00f4lei e v\u00f4lei de praia. A modalidade de basquetebol ser\u00e1 disputada no gin\u00e1sio de esportes Padre M\u00e1rio T\u00e9sio (Col\u00e9gio S\u00e3o Jos\u00e9). Os jogos de futsal v\u00e3o acontecer nos gin\u00e1sios Lago\u00e3o e \u00c1ureo Francisco Silva. O Col\u00e9gio Plat\u00e3o sediar\u00e1 as partidas de handebol. O v\u00f4lei ocorrer\u00e1 no gin\u00e1sio do Col\u00e9gio Mater Dei e o v\u00f4lei de praia ser\u00e1 desenvolvido no Parque do Jaboti.<\/p>\n","protected":false},"excerpt":{"rendered":"<p>A professora Jossuela Pinheiro, secret\u00e1ria municipal de Esportes, destaca que as inscri\u00e7\u00f5es ficar\u00e3o abertas at\u00e9 o dia 10 de mar\u00e7o, pelas categorias A (de 15 a 17 anos) e B (de 12 a 14 anos), masculino e feminino (Foto: PMA)<\/p>\n","protected":false},"author":4,"featured_media":29774,"comment_status":"closed","ping_status":"open","sticky":false,"template":"","format":"standard","meta":{"footnotes":""},"categories":[24],"tags":[],"class_list":["post-29773","post","type-post","status-publish","format-standard","has-post-thumbnail","hentry","category-noticias"],"acf":[],"_links":{"self":[{"href":"http:\/\/www.apucarana.pr.gov.br\/site\/wp-json\/wp\/v2\/posts\/29773","targetHints":{"allow":["GET"]}}],"collection":[{"href":"http:\/\/www.apucarana.pr.gov.br\/site\/wp-json\/wp\/v2\/posts"}],"about":[{"href":"http:\/\/www.apucarana.pr.gov.br\/site\/wp-json\/wp\/v2\/types\/post"}],"author":[{"embeddable":true,"href":"http:\/\/www.apucarana.pr.gov.br\/site\/wp-json\/wp\/v2\/users\/4"}],"replies":[{"embeddable":true,"href":"http:\/\/www.apucarana.pr.gov.br\/site\/wp-json\/wp\/v2\/comments?post=29773"}],"version-history":[{"count":1,"href":"http:\/\/www.apucarana.pr.gov.br\/site\/wp-json\/wp\/v2\/posts\/29773\/revisions"}],"predecessor-version":[{"id":99765,"href":"http:\/\/www.apucarana.pr.gov.br\/site\/wp-json\/wp\/v2\/posts\/29773\/revisions\/99765"}],"wp:featuredmedia":[{"embeddable":true,"href":"http:\/\/www.apucarana.pr.gov.br\/site\/wp-json\/"}],"wp:attachment":[{"href":"http:\/\/www.apucarana.pr.gov.br\/site\/wp-json\/wp\/v2\/media?parent=29773"}],"wp:term":[{"taxonomy":"category","embeddable":true,"href":"http:\/\/www.apucarana.pr.gov.br\/site\/wp-json\/wp\/v2\/categories?post=29773"},{"taxonomy":"post_tag","embeddable":true,"href":"http:\/\/www.apucarana.pr.gov.br\/site\/wp-json\/wp\/v2\/tags?post=29773"}],"curies":[{"name":"wp","href":"https:\/\/api.w.org\/{rel}","templated":true}]}}